{"id":3649,"date":"2016-08-08T08:45:45","date_gmt":"2016-08-08T13:15:45","guid":{"rendered":"http:\/\/espromedbio.gob.ve\/?p=3649"},"modified":"2016-08-08T09:14:58","modified_gmt":"2016-08-08T13:44:58","slug":"inaugurada-base-de-misiones-socialista-jose-antonio-martinez-en-miranda","status":"publish","type":"post","link":"https:\/\/www.espromedbio.gob.ve\/inicio\/inaugurada-base-de-misiones-socialista-jose-antonio-martinez-en-miranda\/","title":{"rendered":"Inaugurada Base de Misiones Socialista \u201cJos\u00e9 Antonio Mart\u00ednez\u201d  en Miranda"},"content":{"rendered":"<p style=\"text-align: justify;\"><strong>Caracas, 06.08.16 (Cortes\u00eda Prensa MPPS).-<\/strong> Este s\u00e1bado se inaugur\u00f3 la Base de\u00a0Misi\u00f3n Socialista Jos\u00e9 Antonio Mart\u00ednez, en el Sector Quebrada Seca de\u00a0la Parroquia Santa Luc\u00eda del estado Miranda. La inauguraci\u00f3n fue\u00a0realizada por la Ministra del Poder Popular para la Salud, Luisana\u00a0Melo.<!--more--><br \/>\nEsta Base de Misi\u00f3n se construy\u00f3 en un terreno donado por un\u00a0particular para beneficio de la comunidad y fue \u00e9sta precisamente la\u00a0que decidi\u00f3 que lo mejor era una base de misi\u00f3n con el\u00a0nombre de su benefactor, y de tal manera contribuir de forma articulada\u00a0con el gobierno nacional, gobierno municipal y comunidad organizada a\u00a0la erradicaci\u00f3n de la pobreza extrema en el pa\u00eds.<\/p>\n<p style=\"text-align: justify;\">La nueva Base de Misi\u00f3n agrupa a seis Consejos Comunales, cuenta con\u00a0atenci\u00f3n m\u00e9dica a trav\u00e9s de la Misi\u00f3n Barrio Adentro -a cargo de Yosvany Forn\u00e9, quien reside en la misma- y con misiones educativas como Robinson I y II, Rivas I y II, Sucre, Barrio Adentro Deportivo,\u00a0Barrio Nuevo Barrio Tricolor, entre otros.<\/p>\n<p style=\"text-align: justify;\">Seg\u00fan datos aportados por la vocera comunal Zoila Pi\u00f1ango, estas\u00a0misiones beneficiar\u00e1n a unas 3.653 habitantes de un total de 1.125\u00a0familias del sector. La comunidad, adem\u00e1s de ser beneficiaria de las\u00a0misiones, contribuye como promotora social acompa\u00f1ando al m\u00e9dico\u00a0en sus recorridos casa por casa y concertando con los organismos\u00a0p\u00fablicos\u00a0 necesarios.<\/p>\n<p style=\"text-align: justify;\">Durante la actividad, misioneros y misioneras de las misiones Ribas, Robinson y la Brigada Robert Serra, aprovecharon la oportunidad\u00a0para agradecer la visita de la Ministra y al Presidente Obrero, Nicol\u00e1s\u00a0Maduro, por la base de Misi\u00f3n, que es una gran ayuda para la\u00a0comunidad, sobre todo por la dificultad de transportarse para ir a\u00a0estudiar o trasladar a los enfermos cuando se requer\u00eda.<\/p>\n<p style=\"text-align: justify;\">Por su parte, la ministra Melo dijo: \u00abes una pol\u00edtica del Gobierno\u00a0Nacional mejorar las condiciones de vida y trabajo, que es lo que hace\u00a0a una poblaci\u00f3n saludable o no, porque el concepto socialista de la\u00a0salud es el buen vivir, y es importante tener poblaciones saludables,\u00a0por eso no s\u00f3lo aumenta las oportunidades sino que mejora las\u00a0condiciones\u00bb.<\/p>\n<p style=\"text-align: justify;\">En cuanto a la producci\u00f3n y abastecimiento, adem\u00e1s de informar sobre\u00a0los logros del Motor Farmac\u00e9utico se mostr\u00f3 complacida por la\u00a0iniciativa de la comuna en materia alimentaria, luego de ser invitada\u00a0por la se\u00f1ora Leopoldina Reategui, coordinadora de conucos urbanos, a\u00a0visitar sus patios productivos donde cultivan alimentos sin\u00a0agroqu\u00edmicos.<\/p>\n<p style=\"text-align: justify;\">La ministra Melo realiz\u00f3 un llamado a la poblaci\u00f3n a contribuir de\u00a0manera especial en la lucha contra las enfermedades transmitidas por\u00a0vectores como el mosquito <em>aedes aegypti<\/em>, responsable de enfermedades como el dengue y zika, y el zancudo transmisor de la malaria, que recientemente ha tenido un repunte en el\u00a0estado mirandino. Tambi\u00e9n exhort\u00f3 a no automedicarse, sino acudir al m\u00e9dico, quien diagnosticar\u00e1 y garantizar\u00e1 el tratamiento adecuado y\u00a0oportuno.\u00a0<strong>Prensa MPPS<\/strong><\/p>\n","protected":false},"excerpt":{"rendered":"<p>Caracas, 06.08.16 (Cortes\u00eda Prensa MPPS).- Este s\u00e1bado se inaugur\u00f3 la Base de\u00a0Misi\u00f3n Socialista Jos\u00e9 Antonio Mart\u00ednez, en el Sector Quebrada Seca de\u00a0la Parroquia Santa Luc\u00eda del estado Miranda. La inauguraci\u00f3n fue\u00a0realizada por la Ministra del Poder Popular para la Salud, Luisana\u00a0Melo.<\/p>\n","protected":false},"author":3,"featured_media":3650,"comment_status":"closed","ping_status":"closed","sticky":false,"template":"","format":"standard","meta":[],"categories":[21,2],"tags":[83,97,66],"_links":{"self":[{"href":"https:\/\/www.espromedbio.gob.ve\/inicio\/wp-json\/wp\/v2\/posts\/3649"}],"collection":[{"href":"https:\/\/www.espromedbio.gob.ve\/inicio\/wp-json\/wp\/v2\/posts"}],"about":[{"href":"https:\/\/www.espromedbio.gob.ve\/inicio\/wp-json\/wp\/v2\/types\/post"}],"author":[{"embeddable":true,"href":"https:\/\/www.espromedbio.gob.ve\/inicio\/wp-json\/wp\/v2\/users\/3"}],"replies":[{"embeddable":true,"href":"https:\/\/www.espromedbio.gob.ve\/inicio\/wp-json\/wp\/v2\/comments?post=3649"}],"version-history":[{"count":3,"href":"https:\/\/www.espromedbio.gob.ve\/inicio\/wp-json\/wp\/v2\/posts\/3649\/revisions"}],"predecessor-version":[{"id":3653,"href":"https:\/\/www.espromedbio.gob.ve\/inicio\/wp-json\/wp\/v2\/posts\/3649\/revisions\/3653"}],"wp:featuredmedia":[{"embeddable":true,"href":"https:\/\/www.espromedbio.gob.ve\/inicio\/wp-json\/wp\/v2\/media\/3650"}],"wp:attachment":[{"href":"https:\/\/www.espromedbio.gob.ve\/inicio\/wp-json\/wp\/v2\/media?parent=3649"}],"wp:term":[{"taxonomy":"category","embeddable":true,"href":"https:\/\/www.espromedbio.gob.ve\/inicio\/wp-json\/wp\/v2\/categories?post=3649"},{"taxonomy":"post_tag","embeddable":true,"href":"https:\/\/www.espromedbio.gob.ve\/inicio\/wp-json\/wp\/v2\/tags?post=3649"}],"curies":[{"name":"wp","href":"https:\/\/api.w.org\/{rel}","templated":true}]}}