{"id":3670,"date":"2016-08-09T11:25:49","date_gmt":"2016-08-09T15:55:49","guid":{"rendered":"http:\/\/espromedbio.gob.ve\/?p=3670"},"modified":"2016-08-09T11:25:49","modified_gmt":"2016-08-09T15:55:49","slug":"hoy-se-celebra-el-dia-internacional-de-los-pueblos-indigenas","status":"publish","type":"post","link":"https:\/\/www.espromedbio.gob.ve\/inicio\/hoy-se-celebra-el-dia-internacional-de-los-pueblos-indigenas\/","title":{"rendered":"Hoy se celebra el D\u00eda Internacional de los Pueblos Ind\u00edgenas"},"content":{"rendered":"<p style=\"text-align: justify;\"><strong>Caracas, 09 de agosto de 2016. Cortes\u00eda VTV.-<b> <\/b><\/strong>Este martes varios pa\u00edses del mundo celebran el D\u00eda Internacional de los Pueblos Ind\u00edgenas, efem\u00e9rides que conmemora \u00a0la primera reuni\u00f3n del Grupo de trabajo de las Naciones Unidas sobre poblaciones ind\u00edgenas \u00a0que tuvo lugar en el a\u00f1o 1982.<!--more--><\/p>\n<p style=\"text-align: justify;\">En Venezuela, desde la llegada de la Revoluci\u00f3n Bolivariana estos grupos, que fueron excluidos durante los gobierno de la cuarta Rep\u00fablica, han sido incluidos en las pol\u00edticas de la sociales y econ\u00f3micas de la naci\u00f3n. \u00a0El 27 de mayo del a\u00f1o 2002, el l\u00edder de la Revoluci\u00f3n Bolivariana, Hugo Ch\u00e1vez, firm\u00f3 a trav\u00e9s del decreto 1.795 el uso obligatorio de las lenguas ind\u00edgenas en sus zonas de influencia y la creaci\u00f3n del Consejo Nacional de Educaci\u00f3n, Cultura e Idiomas Ind\u00edgenas.<\/p>\n<p style=\"text-align: justify;\">Esta avance y logro para los pueblos originarios de Venezuela se aleja de la realidad que viven el mundo entero, seg\u00fan datos aportados por la Organizaci\u00f3n de las Naciones Unidas para la Educaci\u00f3n, la Ciencia y la Cultura (Unesco por su siglas en ingl\u00e9s) se calculan que en el mundo existen entre 6 mil y 7 mil lenguas y cerca del 90% de estas podr\u00eda desaparecer en los pr\u00f3ximos 100 a\u00f1os, esto por las escasas pol\u00edticas para preservar esta lenguas propia de los abor\u00edgenes.<\/p>\n<p style=\"text-align: justify;\">Sin embargo, a este logro venezolano se le suman la incorporaci\u00f3n de la educaci\u00f3n intercultural la cual ha permitido traducir a idiomas originarios contenidos de las computadoras Canaima y de los libros de la Colecci\u00f3n Bicentenario.<\/p>\n<p style=\"text-align: justify;\">Tambi\u00e9n se a\u00f1ade la creaci\u00f3n \u00a0del Ministerio para los Pueblos Ind\u00edgenas en el a\u00f1o 2007, \u00a0y la puesta en marcha de leyes que protegen a los pueblos ind\u00edgenas, como es el caso de la Ley Org\u00e1nica de Pueblos y Comunidades Ind\u00edgenas, la Ley de Demarcaci\u00f3n y Garant\u00eda del H\u00e1bitat y Tierras de los Pueblos Ind\u00edgenas, la Ley de Artesanos para los Pueblos Ind\u00edgenas y la Ley de Idiomas Ind\u00edgenas.<\/p>\n<p style=\"text-align: justify;\">Adem\u00e1s en la actualidad el Gobierno Bolivariano desarrolla junto a la Gran Misi\u00f3n Vivienda Venezuela (GMVV)<b>, <\/b>lleva a cabo un plan masivo de construcci\u00f3n de casas para comunidades ind\u00edgenas, las mayor\u00edas de ellas dise\u00f1adas siguiendo los modelos arquitect\u00f3nicos de los pueblos. Es as\u00ed como se edifican shabonos (construcci\u00f3n tradicional de los Yanomami), el janoko (de los Warao), el b\u00e8 (de los pum\u00e9) y los palafitos de los pueblos ind\u00edgenas que viven a orillas de lagos y lagunas, como los way\u00fau.<\/p>\n<p style=\"text-align: justify;\"><strong>RECONOCIMIENTO HIST\u00d3RICO<\/strong><\/p>\n<p style=\"text-align: justify;\">El Comandante Ch\u00e1vez tambi\u00e9n realiz\u00f3 un acto de justicia hist\u00f3rica \u00a0que cambi\u00f3 la finalidad de la celebraci\u00f3n del D\u00eda de la Raza \u2013 como era llamada anteriormente- y lo convirti\u00f3 en el D\u00eda de la Resistencia Ind\u00edgena.<\/p>\n<p style=\"text-align: justify;\">A partir de esa decisi\u00f3n, la conmemoraci\u00f3n del 12 de octubre rescata el reconocimiento de la tenacidad y perseverancia de nuestros pueblos originarios en su voluntad de ser libres, contrario a lo sucedido en d\u00e9cadas anteriores, cuando en este d\u00eda se rend\u00eda culto a \u00a0las embarcaciones de La Ni\u00f1a, La Pinta y La Santa Mar\u00eda.<\/p>\n<p style=\"text-align: justify;\"><strong>PUEBLOS IND\u00cdGENAS EN OTROS PA\u00cdSES<\/strong><\/p>\n<p style=\"text-align: justify;\">Seg\u00fan cifras de la\u00a0 Unesco los pueblos originarios constituyen aproximadamente el 5% de la poblaci\u00f3n mundial.<\/p>\n<p style=\"text-align: justify;\">En los pa\u00edses desarrollados, los pueblos ind\u00edgenas tienen una esperanza de vida m\u00e1s corta, la calidad de los servicios m\u00e9dicos y la educaci\u00f3n es m\u00e1s baja y sus tasas de desempleo son m\u00e1s elevadas. Un ni\u00f1o aborigen nacido hoy d\u00eda en Australia, tiene una esperanza de vida de casi 20 a\u00f1os, menos que un compatriota no aborigen.<\/p>\n<p style=\"text-align: justify;\">Adem\u00e1s en todo el mundo hay aproximadamente 370 millones de personas ind\u00edgenas que ocupan el 20% de la superficie terrestre. Se calcula tambi\u00e9n que representan unas 5.000 culturas ind\u00edgenas diferentes. Por tal motivo, los pueblos ind\u00edgenas del mundo representan la mayor parte de la diversidad cultural del planeta, aunque constituyen una minor\u00eda num\u00e9rica. \/<strong>GG<\/strong><\/p>\n","protected":false},"excerpt":{"rendered":"<p>Caracas, 09 de agosto de 2016. Cortes\u00eda VTV.- Este martes varios pa\u00edses del mundo celebran el D\u00eda Internacional de los Pueblos Ind\u00edgenas, efem\u00e9rides que conmemora \u00a0la primera reuni\u00f3n del Grupo de trabajo de las Naciones Unidas sobre poblaciones ind\u00edgenas \u00a0que tuvo lugar en el a\u00f1o 1982.<\/p>\n","protected":false},"author":3,"featured_media":3671,"comment_status":"closed","ping_status":"closed","sticky":false,"template":"","format":"standard","meta":[],"categories":[21,2],"tags":[24,51],"_links":{"self":[{"href":"https:\/\/www.espromedbio.gob.ve\/inicio\/wp-json\/wp\/v2\/posts\/3670"}],"collection":[{"href":"https:\/\/www.espromedbio.gob.ve\/inicio\/wp-json\/wp\/v2\/posts"}],"about":[{"href":"https:\/\/www.espromedbio.gob.ve\/inicio\/wp-json\/wp\/v2\/types\/post"}],"author":[{"embeddable":true,"href":"https:\/\/www.espromedbio.gob.ve\/inicio\/wp-json\/wp\/v2\/users\/3"}],"replies":[{"embeddable":true,"href":"https:\/\/www.espromedbio.gob.ve\/inicio\/wp-json\/wp\/v2\/comments?post=3670"}],"version-history":[{"count":1,"href":"https:\/\/www.espromedbio.gob.ve\/inicio\/wp-json\/wp\/v2\/posts\/3670\/revisions"}],"predecessor-version":[{"id":3672,"href":"https:\/\/www.espromedbio.gob.ve\/inicio\/wp-json\/wp\/v2\/posts\/3670\/revisions\/3672"}],"wp:featuredmedia":[{"embeddable":true,"href":"https:\/\/www.espromedbio.gob.ve\/inicio\/wp-json\/wp\/v2\/media\/3671"}],"wp:attachment":[{"href":"https:\/\/www.espromedbio.gob.ve\/inicio\/wp-json\/wp\/v2\/media?parent=3670"}],"wp:term":[{"taxonomy":"category","embeddable":true,"href":"https:\/\/www.espromedbio.gob.ve\/inicio\/wp-json\/wp\/v2\/categories?post=3670"},{"taxonomy":"post_tag","embeddable":true,"href":"https:\/\/www.espromedbio.gob.ve\/inicio\/wp-json\/wp\/v2\/tags?post=3670"}],"curies":[{"name":"wp","href":"https:\/\/api.w.org\/{rel}","templated":true}]}}