{"id":3673,"date":"2016-08-10T08:56:16","date_gmt":"2016-08-10T13:26:16","guid":{"rendered":"http:\/\/espromedbio.gob.ve\/?p=3673"},"modified":"2016-08-10T08:56:16","modified_gmt":"2016-08-10T13:26:16","slug":"consolidar-las-conquistas-sociales-pasa-por-afianzar-la-organizacion-popular","status":"publish","type":"post","link":"https:\/\/www.espromedbio.gob.ve\/inicio\/consolidar-las-conquistas-sociales-pasa-por-afianzar-la-organizacion-popular\/","title":{"rendered":"Consolidar las conquistas sociales pasa por afianzar la organizaci\u00f3n popular"},"content":{"rendered":"<p style=\"text-align: justify;\"><strong>Caracas, 10 Ago. Cortes\u00eda AVN.-<\/strong> Mayor organizaci\u00f3n del pueblo para expandir sus conquistas sociales y su poder en la resoluci\u00f3n de las necesidades fueron dos aspectos clave en los que enfatiz\u00f3 este martes el presidente de la Rep\u00fablica, Nicol\u00e1s Maduro, durante la emisi\u00f3n n\u00famero 63 del programa <em>Contacto Con Maduro<\/em>, transmitido por VTV.<!--more--><\/p>\n<p style=\"text-align: justify;\">\u00abLo m\u00e1s importante de todo es la organizaci\u00f3n social, el empoderamiento (&#8230;) es un concepto de la democracia del futuro y en Venezuela empez\u00f3 hace mucho tiempo, el empoderamiento del pueblo, con la Revoluci\u00f3n\u00bb, expres\u00f3 el Mandatario durante el espacio televisivo emitido desde el Palacio de Miraflores, Caracas.<\/p>\n<p style=\"text-align: justify;\">All\u00ed, el Jefe de Estado enfatiz\u00f3 que la <em>Gran Misi\u00f3n Barrio Nuevo Barrio Tricolor<\/em> debe ir m\u00e1s all\u00e1\u00a0de la rehabilitaci\u00f3n de las estructuras f\u00edsicas de los sectores populares. Se trata m\u00e1s bien, explic\u00f3, de afianzar este avance en el socialismo territorial, un modelo popular en el que la organizaci\u00f3n de las comunidades sea la esencia para el desarrollo y superaci\u00f3n de necesidades colectivas. Y por esa senda ampliar las conquistas alcanzadas por el pueblo en derechos e inclusi\u00f3n social.<\/p>\n<p style=\"text-align: justify;\">Hasta julio de 2016, esta Gran Misi\u00f3n<em>\u00a0<\/em>transform\u00f3 74.940 viviendas en todo el pa\u00eds. La cifra representa m\u00e1s de 80% del total de viviendas rehabilitadas en 2015, que asciende a 93.188. Las comunidades se organizan y plantean a las autoridades qu\u00e9 se debe reparar o reconstruir. Luego, obreros y maquinarias y la mismos integrantes del sector participa en el plan de refacci\u00f3n.<\/p>\n<p style=\"text-align: justify;\">Asimismo, el Mandatario recalc\u00f3 que se debe impulsar cada vez m\u00e1s los planes de la Patria Comunal de los corredores de la <em>Gran Misi\u00f3n Barrio Nuevo Barrio Tricolor<\/em>, ya que concentran la planificaci\u00f3n de proyectos socio productivos en los sectores populares.<\/p>\n<p style=\"text-align: justify;\">\u00abDonde ya se logra un nivel de recuperaci\u00f3n, de reurbanizaci\u00f3n, de embellecimiento, de dignificaci\u00f3n debe avanzarse a niveles superiores de integraci\u00f3n\u00bb en la educaci\u00f3n y el deporte, detall\u00f3 el Presidente.<\/p>\n<p style=\"text-align: justify;\"><strong>Bs 16.500 para Barrio Tricolor<\/strong><\/p>\n<p style=\"text-align: justify;\">Maduro hizo un contacto televisivo con el ministro para H\u00e1bitat y Vivienda, Manuel Quevedo, quien se encontraba en uno de los corredores de este programa social, ubicado en la comuna Jorge Rodr\u00edguez Padre del sector El Cipres 2 de la parroquia Macarao de Caracas.<\/p>\n<p style=\"text-align: justify;\">Quevedo indic\u00f3 que el Gobierno ha realizado una inversi\u00f3n de 43.349 millones de bol\u00edvares en 2016 para proyectos de Barrio Tricolor, programa que este martes cumple siete a\u00f1os de haber sido activado como plan por parte del l\u00edder de la Revoluci\u00f3n Bolivariana, Hugo Ch\u00e1vez.<\/p>\n<p style=\"text-align: justify;\">\u00abHoy tenemos asegurados para los 250 corredores 16.500 millones de bol\u00edvares\u00bb, a\u00f1adi\u00f3.\u00a0<a href=\"http:\/\/espromedbio.gob.ve\/wp-content\/uploads\/2016\/08\/001_ym_3406_1470789277.jpg\"><img loading=\"lazy\" class=\"wp-image-3678  alignright\" src=\"http:\/\/espromedbio.gob.ve\/wp-content\/uploads\/2016\/08\/001_ym_3406_1470789277-300x151.jpg\" alt=\"001_ym_3406_1470789277\" width=\"439\" height=\"221\" srcset=\"https:\/\/www.espromedbio.gob.ve\/wp-content\/uploads\/2016\/08\/001_ym_3406_1470789277-300x151.jpg 300w, https:\/\/www.espromedbio.gob.ve\/wp-content\/uploads\/2016\/08\/001_ym_3406_1470789277.jpg 640w\" sizes=\"(max-width: 439px) 100vw, 439px\" \/><\/a><\/p>\n<p style=\"text-align: justify;\"><strong>Cuatro meses de aceleraci\u00f3n de misiones<\/strong><\/p>\n<p style=\"text-align: justify;\">Con la meta de afianzar a\u00fan m\u00e1s el protagonismo de las comunidades organizadas, Maduro llam\u00f3 a a las fuerzas revolucionarias a desarrollar para el pr\u00f3ximo 1\u00ba de septiembre un nuevo plan dirigido a las misiones sociales con el fin de fortalecer las Bases de Misiones, otro programa social de la Revoluci\u00f3n Bolivariana que atiende a 4,5% de las comunidades en pobreza extrema con planes de salud, educaci\u00f3n, vivienda, alimentaci\u00f3n y cultura.<\/p>\n<p style=\"text-align: justify;\">\u00abLos meses de septiembre, octubre, noviembre y diciembre tienen que ser meses de aceleraci\u00f3n de misiones y de planes de la revoluci\u00f3n. Cuatro meses para lo social\u00bb, se\u00f1al\u00f3.<\/p>\n<p style=\"text-align: justify;\">Al respecto, el presidente Maduro dijo que es necesario acompa\u00f1ar los logros alcanzados por los programas sociales, con una campa\u00f1a comunicacional que le haga frente a la guerra medi\u00e1tica emprendida por sectores de la derecha.<\/p>\n<p style=\"text-align: justify;\">\u00abTenemos que construir y divulgar. No nos conformemos con hacer, hagamos, consigamos resultados. Nuestro pueblo tiene que saber la verdad\u00bb, subray\u00f3.<\/p>\n<p style=\"text-align: justify;\"><strong>Revoluci\u00f3n con los pueblos ind\u00edgenas<\/strong><\/p>\n<p style=\"text-align: justify;\">Este martes 9 de agosto se celebr\u00f3 el D\u00eda Mundial de los Pueblos Ind\u00edgenas. A prop\u00f3sito de esta celebraci\u00f3n, Maduro refiri\u00f3 que fue el l\u00edder socialista Hugo Ch\u00e1vez, quien tom\u00f3 la bandera de la lucha de estos pueblos para impulsar la Revoluci\u00f3n Bolivariana, proyecto que ha visibilizado los derechos de estas comunidades.<\/p>\n<p style=\"text-align: justify;\">La Revoluci\u00f3n Bolivariana \u2013enfatiz\u00f3 Maduro\u2013 es una revoluci\u00f3n indoamericana de ra\u00edces profunda que \u00abvino a visibilizar a quienes hab\u00edan sido saqueados, explotados, invisibilizados durante 500 a\u00f1os\u00bb.<\/p>\n<p style=\"text-align: justify;\">El Jefe de Estado expres\u00f3 que \u00abnunca antes ni un proyecto ni l\u00edder pol\u00edtico en la historia de Venezuela agarr\u00f3 la bandera india, el nombre indio, la fuerza india para levantar su proyecto de futuro\u00bb.<\/p>\n<p style=\"text-align: justify;\">Inform\u00f3 que en el estado Amazonas, en Puerto Ayacucho, el Gobierno Nacional hizo entrega de m\u00e1s de 200 financiamientos socioproductivos a las comunidades originarias que se congregaron en la localidad para participar en una jornada.<\/p>\n<p style=\"text-align: justify;\"><strong>Fuerza laboral contra las embestidas<\/strong><\/p>\n<p style=\"text-align: justify;\">El mandatario tambi\u00e9n realiz\u00f3 un contacto con el gobernador de Aragua, Tareck El Assami, quien se encontraba en la planta Gran Cacique Maracay, anteriormente la estadounidense Kimberly Clark, recuperada por la clase obrera tras el abandono por sus antiguos due\u00f1os en detrimento de la clase obrera.<\/p>\n<p style=\"text-align: justify;\">El Aissami hizo entrega de cuatro unidades de TransAragua a los trabajadores de esta planta y adem\u00e1s inform\u00f3 que pronto se reactivar\u00e1n cuatro nuevas l\u00edneas de producci\u00f3n de productos para el higiene personal.<a href=\"http:\/\/espromedbio.gob.ve\/wp-content\/uploads\/2016\/08\/g4a74091470804808.jpg\"><img loading=\"lazy\" class=\"wp-image-3679  alignright\" src=\"http:\/\/espromedbio.gob.ve\/wp-content\/uploads\/2016\/08\/g4a74091470804808-300x200.jpg\" alt=\"_g4a74091470804808\" width=\"465\" height=\"310\" srcset=\"https:\/\/www.espromedbio.gob.ve\/wp-content\/uploads\/2016\/08\/g4a74091470804808-300x200.jpg 300w, https:\/\/www.espromedbio.gob.ve\/wp-content\/uploads\/2016\/08\/g4a74091470804808-272x182.jpg 272w, https:\/\/www.espromedbio.gob.ve\/wp-content\/uploads\/2016\/08\/g4a74091470804808.jpg 454w\" sizes=\"(max-width: 465px) 100vw, 465px\" \/><\/a><\/p>\n<p style=\"text-align: justify;\">Por su parte Maduro enfatiz\u00f3 que el cierre de esta planta \u2013entre otras acciones que son parte de un ataque no convencional\u2013\u00a0obedeci\u00f3 a un acto de sabotaje por parte del gobierno de Estados Unidos, eje de poder que est\u00e1 \u00abal frente de la guerra econ\u00f3mico contra Venezuela\u00bb.<\/p>\n<p style=\"text-align: justify;\">\u00abNo pueden ni podr\u00e1n. La mayor demostraci\u00f3n es la consciencia de los trabajadores del estado Aragua y del pa\u00eds entero\u00bb, indic\u00f3.<\/p>\n<p style=\"text-align: justify;\"><strong>Generaci\u00f3n de oro<\/strong><\/p>\n<p style=\"text-align: justify;\">De igual forma, el Presidente destac\u00f3 el esfuerzo y m\u00e9rito de los atletas venezolanos que participan en R\u00edo 2016, a quienes exhort\u00f3 a seguir siendo ejemplo de dedicaci\u00f3n y disciplina para las nuevas generaciones.<\/p>\n<p style=\"text-align: justify;\">Manifest\u00f3 que estos atletas ser\u00e1n los que \u00ababran el camino\u00bb a los j\u00f3venes venezolanos, con el fin de \u00abconvertirse en maestro de las nuevas generaciones\u00bb y as\u00ed \u00abforjar a nuestros atletas\u00bb.<\/p>\n<p style=\"text-align: justify;\"><strong>Una nueva mayor\u00eda<\/strong><\/p>\n<p style=\"text-align: justify;\">Los j\u00f3venes, consider\u00f3 el Presidente, deben construir una nueva mayor\u00eda con su fe renovada en la sociedad venezolana ante el odio sembrado por la derecha.<\/p>\n<p style=\"text-align: justify;\">La exhortaci\u00f3n la realiz\u00f3 Maduro a los integrantes del movimiento de recreadores y recreadores que participan en el Plan Vacacional Comunitario 2016.<\/p>\n<p style=\"text-align: justify;\">\u00abUstedes tienen la edad para ver la victoria, y ver como todo cambia all\u00ed, ustedes lo ver\u00e1n en esas parroquias donde lamentablemente (la derecha) le sembr\u00f3 a alguna gente el odio hacia la Revoluci\u00f3n, los valores del desprecio y ellos, a partir del odio, construyeron all\u00ed una mayor\u00eda electoral\u00bb que se vio reflejada en los resultados del seis de diciembre pasado, indic\u00f3 el mandatario.<\/p>\n<p style=\"text-align: justify;\">En este sentido, Maduro indic\u00f3 que \u00abel trabajo de la juventud, con la verdad en la mano, con el amor, con la alegr\u00eda cuando vayan dando resultados, ustedes ver\u00e1n como construyen una nueva mayor\u00eda, es un gran reto\u00bb.<\/p>\n","protected":false},"excerpt":{"rendered":"<p>Caracas, 10 Ago. Cortes\u00eda AVN.- Mayor organizaci\u00f3n del pueblo para expandir sus conquistas sociales y su poder en la resoluci\u00f3n de las necesidades fueron dos aspectos clave en los que enfatiz\u00f3 este martes el presidente de la Rep\u00fablica, Nicol\u00e1s Maduro, durante la emisi\u00f3n n\u00famero 63 del programa Contacto Con Maduro, transmitido por VTV.<\/p>\n","protected":false},"author":3,"featured_media":3674,"comment_status":"closed","ping_status":"closed","sticky":false,"template":"","format":"standard","meta":[],"categories":[21,2],"tags":[51,23],"_links":{"self":[{"href":"https:\/\/www.espromedbio.gob.ve\/inicio\/wp-json\/wp\/v2\/posts\/3673"}],"collection":[{"href":"https:\/\/www.espromedbio.gob.ve\/inicio\/wp-json\/wp\/v2\/posts"}],"about":[{"href":"https:\/\/www.espromedbio.gob.ve\/inicio\/wp-json\/wp\/v2\/types\/post"}],"author":[{"embeddable":true,"href":"https:\/\/www.espromedbio.gob.ve\/inicio\/wp-json\/wp\/v2\/users\/3"}],"replies":[{"embeddable":true,"href":"https:\/\/www.espromedbio.gob.ve\/inicio\/wp-json\/wp\/v2\/comments?post=3673"}],"version-history":[{"count":1,"href":"https:\/\/www.espromedbio.gob.ve\/inicio\/wp-json\/wp\/v2\/posts\/3673\/revisions"}],"predecessor-version":[{"id":3680,"href":"https:\/\/www.espromedbio.gob.ve\/inicio\/wp-json\/wp\/v2\/posts\/3673\/revisions\/3680"}],"wp:featuredmedia":[{"embeddable":true,"href":"https:\/\/www.espromedbio.gob.ve\/inicio\/wp-json\/wp\/v2\/media\/3674"}],"wp:attachment":[{"href":"https:\/\/www.espromedbio.gob.ve\/inicio\/wp-json\/wp\/v2\/media?parent=3673"}],"wp:term":[{"taxonomy":"category","embeddable":true,"href":"https:\/\/www.espromedbio.gob.ve\/inicio\/wp-json\/wp\/v2\/categories?post=3673"},{"taxonomy":"post_tag","embeddable":true,"href":"https:\/\/www.espromedbio.gob.ve\/inicio\/wp-json\/wp\/v2\/tags?post=3673"}],"curies":[{"name":"wp","href":"https:\/\/api.w.org\/{rel}","templated":true}]}}