{"id":3705,"date":"2016-08-12T11:34:26","date_gmt":"2016-08-12T16:04:26","guid":{"rendered":"http:\/\/espromedbio.gob.ve\/?p=3705"},"modified":"2016-08-12T11:34:26","modified_gmt":"2016-08-12T16:04:26","slug":"minsalud-junto-a-voceros-del-poder-popular-evaluan-avances-en-materia-sanitaria","status":"publish","type":"post","link":"https:\/\/www.espromedbio.gob.ve\/inicio\/minsalud-junto-a-voceros-del-poder-popular-evaluan-avances-en-materia-sanitaria\/","title":{"rendered":"MinSalud junto a voceros del Poder Popular eval\u00faan avances en materia sanitaria"},"content":{"rendered":"<div class=\"item-page\">\n<div>\n<p style=\"text-align: justify;\"><strong>Caracas, 11.08.16 (Cortes\u00eda Prensa MPPS).-<\/strong> Este jueves, se efectu\u00f3 el II Encuentro Nacional con los Voceros\u00a0 del Consejo Presidencial de Gobierno del Poder Popular en Salud, a fin de definir y evaluar las propuestas aprobadas por el presidente Nicol\u00e1s Maduro durante el primer congreso para fortalecer el Sistema P\u00fablico \u00danico de Salud.<\/p>\n<p style=\"text-align: justify;\">\n<\/div>\n<\/div>\n<p><!--more--><\/p>\n<p style=\"text-align: justify;\">Durante esta actividad se abordaron t\u00f3picos en materia de recursos humanos, formaci\u00f3n, seguridad, transporte, insumos y distribuci\u00f3n, as\u00ed como nuevas propuestas.<\/p>\n<p style=\"text-align: justify;\">La informaci\u00f3n la dio a conocer Asia Villegas, viceministra de Salud Colectiva, quien expres\u00f3: \u201cen estos espacios hemos venido trabajando durante 3 a\u00f1os revisando, articulando y construyendo junto a los voceros del Poder Popular y los coordinadores de promoci\u00f3n\u00a0y participaci\u00f3n en pro de nuestro pueblo\u201d.<\/p>\n<p style=\"text-align: justify;\">Asimismo, indic\u00f3 que esta continuidad permite la consolidaci\u00f3n de los mecanismos de participaci\u00f3n protag\u00f3nica del Poder Popular en las pol\u00edticas sanitarias para transformar el sistema de salud desde las comunidades.<\/p>\n<p style=\"text-align: justify;\">Villegas a\u00f1adi\u00f3 que con los 590 voceros que las \u00c1reas de Salud Integral Comunitaria (ASIC) se brindar\u00e1n propuestas para la expansi\u00f3n de todos los servicios que ofrece el Sistema P\u00fablico de Salud a trav\u00e9s de los consultorios populares, \u00f3pticas, servicios de odontolog\u00eda, los Centros de Diagn\u00f3stico Integral (CDI) y las Salas de Rehabilitaci\u00f3n Integral (SRI).<\/p>\n<p style=\"text-align: justify;\">\u00abEstamos sustentado en la consciencia, en el esfuerzo del pueblo, en el poder del soberano, en el poder popular, en cada \u00e1rea de trabajo, porque es la construcci\u00f3n de una patria\u00bb expres\u00f3.<\/p>\n<p style=\"text-align: justify;\">Por su parte, Omar Rangel, director general de Promoci\u00f3n y Participaci\u00f3n de Salud, se\u00f1al\u00f3\u00a0que estos encuentros permiten darle\u00a0seguimiento\u00a0a los avances a fin de\u00a0fortalecer las ASIC y de esta manera garantizar la salud de todos y todas.<\/p>\n<p>&nbsp;<\/p>\n","protected":false},"excerpt":{"rendered":"<p>Caracas, 11.08.16 (Cortes\u00eda Prensa MPPS).- Este jueves, se efectu\u00f3 el II Encuentro Nacional con los Voceros\u00a0 del Consejo Presidencial de Gobierno del Poder Popular en Salud, a fin de definir y evaluar las propuestas aprobadas por el presidente Nicol\u00e1s Maduro durante el primer congreso para fortalecer el Sistema P\u00fablico \u00danico de Salud.<\/p>\n","protected":false},"author":3,"featured_media":3706,"comment_status":"closed","ping_status":"closed","sticky":false,"template":"","format":"standard","meta":[],"categories":[21,2],"tags":[60,48,66],"_links":{"self":[{"href":"https:\/\/www.espromedbio.gob.ve\/inicio\/wp-json\/wp\/v2\/posts\/3705"}],"collection":[{"href":"https:\/\/www.espromedbio.gob.ve\/inicio\/wp-json\/wp\/v2\/posts"}],"about":[{"href":"https:\/\/www.espromedbio.gob.ve\/inicio\/wp-json\/wp\/v2\/types\/post"}],"author":[{"embeddable":true,"href":"https:\/\/www.espromedbio.gob.ve\/inicio\/wp-json\/wp\/v2\/users\/3"}],"replies":[{"embeddable":true,"href":"https:\/\/www.espromedbio.gob.ve\/inicio\/wp-json\/wp\/v2\/comments?post=3705"}],"version-history":[{"count":2,"href":"https:\/\/www.espromedbio.gob.ve\/inicio\/wp-json\/wp\/v2\/posts\/3705\/revisions"}],"predecessor-version":[{"id":3709,"href":"https:\/\/www.espromedbio.gob.ve\/inicio\/wp-json\/wp\/v2\/posts\/3705\/revisions\/3709"}],"wp:featuredmedia":[{"embeddable":true,"href":"https:\/\/www.espromedbio.gob.ve\/inicio\/wp-json\/wp\/v2\/media\/3706"}],"wp:attachment":[{"href":"https:\/\/www.espromedbio.gob.ve\/inicio\/wp-json\/wp\/v2\/media?parent=3705"}],"wp:term":[{"taxonomy":"category","embeddable":true,"href":"https:\/\/www.espromedbio.gob.ve\/inicio\/wp-json\/wp\/v2\/categories?post=3705"},{"taxonomy":"post_tag","embeddable":true,"href":"https:\/\/www.espromedbio.gob.ve\/inicio\/wp-json\/wp\/v2\/tags?post=3705"}],"curies":[{"name":"wp","href":"https:\/\/api.w.org\/{rel}","templated":true}]}}