{"id":3722,"date":"2016-08-15T10:51:17","date_gmt":"2016-08-15T15:21:17","guid":{"rendered":"http:\/\/espromedbio.gob.ve\/?p=3722"},"modified":"2016-08-15T10:51:17","modified_gmt":"2016-08-15T15:21:17","slug":"aumento-salarial-impactara-a-11-millones-de-trabajadores","status":"publish","type":"post","link":"https:\/\/www.espromedbio.gob.ve\/inicio\/aumento-salarial-impactara-a-11-millones-de-trabajadores\/","title":{"rendered":"Aumento salarial impactar\u00e1 a 11 millones de trabajadores"},"content":{"rendered":"<p style=\"text-align: justify;\"><strong>Caracas, 14 Ago. Cortes\u00eda AVN.-<\/strong> El aumento de 50 % del salario m\u00ednimo para todos los trabajadores del pa\u00eds y los jubilados, as\u00ed como de la base de c\u00e1lculo del tiquet alimentaci\u00f3n a 8,5 Unidades Tributarias (U.T), lo que constituye un salario m\u00ednimo integral de 65.056 bol\u00edvares, impactar\u00e1 a 11 millones de trabajadores, destac\u00f3 el ministro del Poder Popular para el Proceso Social del Trabajo, Oswaldo Vera.<!--more--><\/p>\n<p style=\"text-align: justify;\">Este domingo, durante un programa especial transmitido por Venezolana de Televisi\u00f3n, resalt\u00f3 que el incremento salarial ha sido una pol\u00edtica constante impulsada por el Gobierno Bolivariano para proteger al pueblo, que en esta oportunidad no s\u00f3lo impacta al sector p\u00fablico sino tambi\u00e9n a los trabajadores de la empresa privada.<\/p>\n<p style=\"text-align: justify;\">Indic\u00f3, adem\u00e1s, que el aumento salarial no es una pol\u00edtica aislada \u00absino que se combina con varios planes: el cambio del modelo productivo a una econom\u00eda diversificada, la soberan\u00eda alimentaria, con el impulso de la Gran Misi\u00f3n Abastecimiento Soberano y el papel protag\u00f3nico de la clase obrera en los procesos productivos\u00bb, asever\u00f3.<\/p>\n<p style=\"text-align: justify;\">Resalt\u00f3 que estas pol\u00edticas combinadas garantizar\u00e1n el poder adquisitivo al pueblo venezolano, que ha sido sometido a la guerra econ\u00f3mica de una burgues\u00eda que busca la desestabilizaci\u00f3n del pa\u00eds.<\/p>\n<p style=\"text-align: justify;\">Vera indic\u00f3 que es falso que los incrementos salariales generen inflaci\u00f3n. \u00abEste proceso inflacionario est\u00e1 vinculado en 70% con la especulaci\u00f3n, y en nuestra situaci\u00f3n con la guerra econ\u00f3mica perpetrada por sectores de la derecha\u00bb, sostuvo.<\/p>\n<p style=\"text-align: justify;\">Leonardo Rosales, trabajador de Fundaci\u00f3n Vivienda del Distrito Capital (Funvi), quien particip\u00f3 en el referido programa especial, respald\u00f3 todas las pol\u00edticas de protecci\u00f3n social que ha impulsado la Revoluci\u00f3n Bolivariana.<\/p>\n<p style=\"text-align: justify;\">Claudio Machado, trabajador de Empresas Polar, aplaudi\u00f3 la reciente reivindicaci\u00f3n salarial decretada por el Ejecutivo Nacional, porque as\u00ed lo establece la Constituci\u00f3n de la Rep\u00fablica, que en su art\u00edculo 91 se\u00f1ala: \u00abTodo trabajador o trabajadora tiene derecho a un salario suficiente que le permita vivir con dignidad y cubrir para s\u00ed y su familia las necesidades b\u00e1sicas materiales, sociales e intelectuales de la constituci\u00f3n\u00bb.<\/p>\n<p>&nbsp;<\/p>\n","protected":false},"excerpt":{"rendered":"<p>Caracas, 14 Ago. Cortes\u00eda AVN.- El aumento de 50 % del salario m\u00ednimo para todos los trabajadores del pa\u00eds y los jubilados, as\u00ed como de la base de c\u00e1lculo del tiquet alimentaci\u00f3n a 8,5 Unidades Tributarias (U.T), lo que constituye un salario m\u00ednimo integral de 65.056 bol\u00edvares, impactar\u00e1 a 11 millones de trabajadores, destac\u00f3 el [&hellip;]<\/p>\n","protected":false},"author":3,"featured_media":3723,"comment_status":"closed","ping_status":"closed","sticky":false,"template":"","format":"standard","meta":[],"categories":[21,2],"tags":[69,44],"_links":{"self":[{"href":"https:\/\/www.espromedbio.gob.ve\/inicio\/wp-json\/wp\/v2\/posts\/3722"}],"collection":[{"href":"https:\/\/www.espromedbio.gob.ve\/inicio\/wp-json\/wp\/v2\/posts"}],"about":[{"href":"https:\/\/www.espromedbio.gob.ve\/inicio\/wp-json\/wp\/v2\/types\/post"}],"author":[{"embeddable":true,"href":"https:\/\/www.espromedbio.gob.ve\/inicio\/wp-json\/wp\/v2\/users\/3"}],"replies":[{"embeddable":true,"href":"https:\/\/www.espromedbio.gob.ve\/inicio\/wp-json\/wp\/v2\/comments?post=3722"}],"version-history":[{"count":1,"href":"https:\/\/www.espromedbio.gob.ve\/inicio\/wp-json\/wp\/v2\/posts\/3722\/revisions"}],"predecessor-version":[{"id":3724,"href":"https:\/\/www.espromedbio.gob.ve\/inicio\/wp-json\/wp\/v2\/posts\/3722\/revisions\/3724"}],"wp:featuredmedia":[{"embeddable":true,"href":"https:\/\/www.espromedbio.gob.ve\/inicio\/wp-json\/wp\/v2\/media\/3723"}],"wp:attachment":[{"href":"https:\/\/www.espromedbio.gob.ve\/inicio\/wp-json\/wp\/v2\/media?parent=3722"}],"wp:term":[{"taxonomy":"category","embeddable":true,"href":"https:\/\/www.espromedbio.gob.ve\/inicio\/wp-json\/wp\/v2\/categories?post=3722"},{"taxonomy":"post_tag","embeddable":true,"href":"https:\/\/www.espromedbio.gob.ve\/inicio\/wp-json\/wp\/v2\/tags?post=3722"}],"curies":[{"name":"wp","href":"https:\/\/api.w.org\/{rel}","templated":true}]}}