{"id":3735,"date":"2016-08-15T12:58:24","date_gmt":"2016-08-15T17:28:24","guid":{"rendered":"http:\/\/espromedbio.gob.ve\/?p=3735"},"modified":"2016-08-15T12:58:24","modified_gmt":"2016-08-15T17:28:24","slug":"presidente-maduro-llama-a-preservar-la-libertad-con-la-misma-fuerza-del-juramento-del-monte-sacro","status":"publish","type":"post","link":"https:\/\/www.espromedbio.gob.ve\/inicio\/presidente-maduro-llama-a-preservar-la-libertad-con-la-misma-fuerza-del-juramento-del-monte-sacro\/","title":{"rendered":"Presidente Maduro llama a preservar la libertad con la misma fuerza del juramento del Monte Sacro"},"content":{"rendered":"<p style=\"text-align: justify;\"><strong>Caracas, 15 Ago. Cortes\u00eda AVN.-<\/strong> El pueblo venezolano tiene la tarea de defender la libertad y soberan\u00eda del pa\u00eds con el mismo \u00edmpetu que tuvo Sim\u00f3n Bol\u00edvar, quien hace 211 a\u00f1os jur\u00f3 en el Monte Sacro romper las cadenas que dominaban la patria, expres\u00f3 este lunes el presidente de la Rep\u00fablica, Nicol\u00e1s Maduro.<!--more--><\/p>\n<p style=\"text-align: justify;\">Bol\u00edvar sell\u00f3 su compromiso con la independencia de Am\u00e9rica en la conocida colina italiana, a donde fue junto a su mentor, Sim\u00f3n Rodr\u00edguez, el 15 de agosto de 1803.<\/p>\n<p style=\"text-align: justify;\">Ese d\u00eda, el Libertador dej\u00f3 claro el objetivo de la gesta libertaria que emprendi\u00f3 luego por el continente: \u00abJuro delante de usted, juro por el Dios de mis padres, juro por ellos, juro por mi honor y juro por mi patria, que no dar\u00e9 descanso a mi brazo, ni reposo a mi alma, hasta que haya roto las cadenas que nos oprimen por voluntad del poder espa\u00f1ol\u00bb.<\/p>\n<p style=\"text-align: justify;\">Dicho juramento se transform\u00f3 \u00aben libertad, en independencia y nosotros, sus hijos, que despertamos con la gu\u00eda de nuestro Comandante Hugo Ch\u00e1vez, estamos comprometidos en defender, porque es el bien m\u00e1s preciado que hemos heredado de tantas luchas y tanto sacrificios, de nuestro Libertador\u00bb, indic\u00f3 el jefe de Estado en su cuenta en Facebook.<\/p>\n<p style=\"text-align: justify;\">De acuerdo con el presidente Maduro, el compromiso asumido por Bol\u00edvar signific\u00f3 un punto de quiebre en la vida del caraque\u00f1o, quien dej\u00f3 su vida aristocr\u00e1tica para dar paso al \u00abguerrero, el hombre del pensamiento profundo, de la visi\u00f3n futurista. En concreto, nac\u00eda El Libertador\u00bb.<\/p>\n","protected":false},"excerpt":{"rendered":"<p>Caracas, 15 Ago. Cortes\u00eda AVN.- El pueblo venezolano tiene la tarea de defender la libertad y soberan\u00eda del pa\u00eds con el mismo \u00edmpetu que tuvo Sim\u00f3n Bol\u00edvar, quien hace 211 a\u00f1os jur\u00f3 en el Monte Sacro romper las cadenas que dominaban la patria, expres\u00f3 este lunes el presidente de la Rep\u00fablica, Nicol\u00e1s Maduro.<\/p>\n","protected":false},"author":3,"featured_media":3736,"comment_status":"closed","ping_status":"closed","sticky":false,"template":"","format":"standard","meta":[],"categories":[21,2],"tags":[74,23,72],"_links":{"self":[{"href":"https:\/\/www.espromedbio.gob.ve\/inicio\/wp-json\/wp\/v2\/posts\/3735"}],"collection":[{"href":"https:\/\/www.espromedbio.gob.ve\/inicio\/wp-json\/wp\/v2\/posts"}],"about":[{"href":"https:\/\/www.espromedbio.gob.ve\/inicio\/wp-json\/wp\/v2\/types\/post"}],"author":[{"embeddable":true,"href":"https:\/\/www.espromedbio.gob.ve\/inicio\/wp-json\/wp\/v2\/users\/3"}],"replies":[{"embeddable":true,"href":"https:\/\/www.espromedbio.gob.ve\/inicio\/wp-json\/wp\/v2\/comments?post=3735"}],"version-history":[{"count":1,"href":"https:\/\/www.espromedbio.gob.ve\/inicio\/wp-json\/wp\/v2\/posts\/3735\/revisions"}],"predecessor-version":[{"id":3737,"href":"https:\/\/www.espromedbio.gob.ve\/inicio\/wp-json\/wp\/v2\/posts\/3735\/revisions\/3737"}],"wp:featuredmedia":[{"embeddable":true,"href":"https:\/\/www.espromedbio.gob.ve\/inicio\/wp-json\/wp\/v2\/media\/3736"}],"wp:attachment":[{"href":"https:\/\/www.espromedbio.gob.ve\/inicio\/wp-json\/wp\/v2\/media?parent=3735"}],"wp:term":[{"taxonomy":"category","embeddable":true,"href":"https:\/\/www.espromedbio.gob.ve\/inicio\/wp-json\/wp\/v2\/categories?post=3735"},{"taxonomy":"post_tag","embeddable":true,"href":"https:\/\/www.espromedbio.gob.ve\/inicio\/wp-json\/wp\/v2\/tags?post=3735"}],"curies":[{"name":"wp","href":"https:\/\/api.w.org\/{rel}","templated":true}]}}