{"id":3744,"date":"2016-08-17T09:37:03","date_gmt":"2016-08-17T14:07:03","guid":{"rendered":"http:\/\/espromedbio.gob.ve\/?p=3744"},"modified":"2016-08-17T09:37:03","modified_gmt":"2016-08-17T14:07:03","slug":"la-revolucion-bolivariana-tiene-el-proyecto-y-las-capacidades-para-trascender-en-el-siglo-xxi","status":"publish","type":"post","link":"https:\/\/www.espromedbio.gob.ve\/inicio\/la-revolucion-bolivariana-tiene-el-proyecto-y-las-capacidades-para-trascender-en-el-siglo-xxi\/","title":{"rendered":"La Revoluci\u00f3n Bolivariana tiene el proyecto y las capacidades para trascender en el siglo XXI"},"content":{"rendered":"<p style=\"text-align: justify;\"><strong>Caracas, 17 Ago. Cortes\u00eda AVN.-<\/strong> El presidente de la Rep\u00fablica, Nicol\u00e1s Maduro, enfatiz\u00f3 este martes que la Revoluci\u00f3n Bolivariana \u2013impulsada en 1999 por el comandante Hugo Ch\u00e1vez\u2013 es el proyecto socialista que le permitir\u00e1 a Venezuela fortalecer su soberan\u00eda y consolidar la independencia para derrotar, de una vez por todas, el modelo neoliberal que amenaza con socavar los derechos de los pueblos.<!--more--><\/p>\n<p style=\"text-align: justify;\">\u00abSolo la Revoluci\u00f3n Bolivariana tiene el proyecto, ha tenido la capacidad y tiene las relaciones en el mundo para trascender todo el siglo XXI hacia una naci\u00f3n independiente, soberana, de pie, jam\u00e1s de rodilla ante alg\u00fan imperio en el mundo; respetada, querida, asimilada y asumida en la construcci\u00f3n de los nuevos polos\u00bb, expres\u00f3 el Jefe de Estado durante la transmisi\u00f3n n\u00famero 64 del programa <em>En Contacto con Maduro<\/em>.<\/p>\n<p style=\"text-align: justify;\">En dicho espacio televisivo, el Presidente refiri\u00f3 que fue precisamente el l\u00edder Hugo Ch\u00e1vez quien visualiz\u00f3 en 1999 a Am\u00e9rica Latina y El Caribe como un poderoso eje econ\u00f3mico, pol\u00edtico y social \u2013en alianza estrat\u00e9gica con econom\u00edas como la de la Rep\u00fablica Popular China\u2013 para consolidar a la regi\u00f3n como uno de los centros del nuevo mundo multipolar.<\/p>\n<p style=\"text-align: justify;\">\u00abHugo Ch\u00e1vez fue el arquitecto constructor de las nuevas relaciones que hoy hay en Am\u00e9rica Latina y El Caribe con China\u00bb, expres\u00f3 Maduro, quien agreg\u00f3 que, gracias a esa visi\u00f3n del l\u00edder socialista, guiada por el l\u00edder de la Revoluci\u00f3n Cubana, Fidel Castro, \u00a0\u00abnos pusimos a la vanguardia para demostrar que s\u00ed se pod\u00eda construir nuevos mecanismos de desarrollo econ\u00f3micos, financieros, de ganar ganar, de desarrollo en general\u00bb.<\/p>\n<p style=\"text-align: justify;\">En este sentido, el Mandatario destac\u00f3 la importancia de los acuerdos que han desarrollado los pa\u00edses de la regi\u00f3n con el pa\u00eds asi\u00e1tico, que ha permitido romper con la visi\u00f3n unipolar impuesta por Estados Unidos durante los a\u00f1os noventas del siglo XX.<\/p>\n<p style=\"text-align: justify;\">\u00abPr\u00e1cticamente todos los mecanismos que surgieron del cooperaron en esa etapa 2006, 2007, 2008 fueron construidos por la genialidad creadora de Fidel y de Ch\u00e1vez\u00bb, a\u00f1adi\u00f3.<\/p>\n<p style=\"text-align: justify;\">Venezuela y China tienen 42 a\u00f1os de relaciones diplom\u00e1ticas y, por iniciativa de Ch\u00e1vez, en 2001 fueron elevadas a un nivel estrat\u00e9gico, lo que ha permitido avanzar en el desarrollo de proyectos en varias \u00e1reas de gran envergadura para el desarrollo compartido entre ambos pa\u00edses.<\/p>\n<p style=\"text-align: justify;\">\u00ab\u00bfQu\u00e9 fuera de nosotros en medio de esta guerra econ\u00f3mica si no tuvi\u00e9ramos estas poderosas relaciones mundiales, si no tuvi\u00e9ramos esta poderosa relaci\u00f3n con China?\u00bb, se pregunt\u00f3 el Mandatario, quien inst\u00f3 a convertir a la regi\u00f3n latinoamericana en una potencia y a frenar las pretensiones de la derecha de reconquistar su hegemon\u00eda en el continente.<\/p>\n<p style=\"text-align: justify;\">\u00abNo podemos volver a caer en tiempos de recocolonizaci\u00f3n, de sometimiento, de dependencia, no podemos dar marcha atr\u00e1s, no podemos dar pasos en falsos, no al Alca \u2013Alianza de Libre Comercio para las Am\u00e9ricas derrotada en 2005\u2013 no al neoliberalismo, no a la dependencia, no a la entrega de nuestras riquezas econ\u00f3micas, no; los pueblos tienen derecho a alzarse frente a los que quieren imponer modelos econ\u00f3micos esclavistas, neoliberales\u00bb, expres\u00f3 el mandatario.\u00a0<a href=\"http:\/\/espromedbio.gob.ve\/wp-content\/uploads\/2016\/08\/001_eg_5987_1471391863.jpg\"><img loading=\"lazy\" class=\"alignleft wp-image-3745 \" src=\"http:\/\/espromedbio.gob.ve\/wp-content\/uploads\/2016\/08\/001_eg_5987_1471391863-300x200.jpg\" alt=\"001_eg_5987_1471391863\" width=\"359\" height=\"239\" srcset=\"https:\/\/www.espromedbio.gob.ve\/wp-content\/uploads\/2016\/08\/001_eg_5987_1471391863-300x200.jpg 300w, https:\/\/www.espromedbio.gob.ve\/wp-content\/uploads\/2016\/08\/001_eg_5987_1471391863-272x182.jpg 272w, https:\/\/www.espromedbio.gob.ve\/wp-content\/uploads\/2016\/08\/001_eg_5987_1471391863.jpg 454w\" sizes=\"(max-width: 359px) 100vw, 359px\" \/><\/a><\/p>\n<p style=\"text-align: justify;\"><strong>Incrementar con China el transporte de carga<\/strong><\/p>\n<p style=\"text-align: justify;\">Durante la V Reuni\u00f3n de la Secretar\u00eda T\u00e9cnica de la Comisi\u00f3n Mixta de Alto Nivel China-Venezuela, que culmin\u00f3 este martes, los Gobiernos de ambas naciones evaluaron acciones para promover el incremento de las capacidades productivas y log\u00edsticas del pa\u00eds y el desarrollo de la\u00a0Gran Misi\u00f3n Abastecimiento Soberano.<\/p>\n<div class=\"medio\">\n<div class=\"izquierda\">\n<div class=\"inside\">\n<div class=\"panels_pane panel-pane pane-views pane-nodos\">\n<div class=\"pane-content\">\n<div class=\"views_view view view-Nodos view-id-Nodos view-display-id-block_2 view-dom-id-63bc5d99b0b13a8b42176c35908365b5\">\n<div class=\"view-content\">\n<div class=\"views-row views-row-1 views-row-odd views-row-first views-row-last\">\n<div class=\"noticia-cuerpo\">\n<div class=\"contenido\" style=\"text-align: justify;\">El vicepresidente de Planificaci\u00f3n, Ricardo Men\u00e9ndez \u2013quien estuvo presente en la transmisi\u00f3n del programa\u2013 inform\u00f3 que en esta instancia se acord\u00f3 incrementar la producci\u00f3n de veh\u00edculos de carga, para poder optimizar la distribuci\u00f3n de alimentos y medicamentos, que requieren las familias venezolanas.<\/div>\n<div class=\"contenido\" style=\"text-align: justify;\"><\/div>\n<div class=\"contenido\" style=\"text-align: justify;\">\u00abEl presidente Maduro instruy\u00f3 que lleg\u00e1ramos cerca de 7.000 veh\u00edculos de carga pesada con todo lo que tiene que ver con la parte de refrigeraci\u00f3n. Ya buena parte ha llegado al pa\u00eds, y esta cifra incrementar\u00e1 en un tercio la capacidad log\u00edstica del pa\u00eds. Ese m\u00fasculo en manos de la Revoluci\u00f3n es una fortaleza para enfrentar la guerra econ\u00f3mica\u00bb, expres\u00f3 Men\u00e9ndez<em>.<\/em><\/div>\n<div class=\"contenido\">\n<p style=\"text-align: justify;\">Asimismo, indic\u00f3 que China colaborar\u00e1 con la ampliaci\u00f3n de las capacidades productivas de Venezuela, especialmente en las \u00e1reas agroindustrial y farmac\u00e9utica.<\/p>\n<p style=\"text-align: justify;\">Destac\u00f3 que en la reuni\u00f3n de la Comisi\u00f3n Mixta tambi\u00e9n\u00a0se trataron temas relacionados con el impulso de la Agenda Econ\u00f3mica Bolivariana, y sus 15 motores de acci\u00f3n, como por ejemplo el \u00e1rea petrolera y agroalimentario.<\/p>\n<\/div>\n<\/div>\n<\/div>\n<\/div>\n<\/div>\n<\/div>\n<\/div>\n<\/div>\n<\/div>\n<\/div>\n","protected":false},"excerpt":{"rendered":"<p>Caracas, 17 Ago. Cortes\u00eda AVN.- El presidente de la Rep\u00fablica, Nicol\u00e1s Maduro, enfatiz\u00f3 este martes que la Revoluci\u00f3n Bolivariana \u2013impulsada en 1999 por el comandante Hugo Ch\u00e1vez\u2013 es el proyecto socialista que le permitir\u00e1 a Venezuela fortalecer su soberan\u00eda y consolidar la independencia para derrotar, de una vez por todas, el modelo neoliberal que amenaza [&hellip;]<\/p>\n","protected":false},"author":3,"featured_media":3746,"comment_status":"closed","ping_status":"closed","sticky":false,"template":"","format":"standard","meta":[],"categories":[21,2],"tags":[69,51,23,28],"_links":{"self":[{"href":"https:\/\/www.espromedbio.gob.ve\/inicio\/wp-json\/wp\/v2\/posts\/3744"}],"collection":[{"href":"https:\/\/www.espromedbio.gob.ve\/inicio\/wp-json\/wp\/v2\/posts"}],"about":[{"href":"https:\/\/www.espromedbio.gob.ve\/inicio\/wp-json\/wp\/v2\/types\/post"}],"author":[{"embeddable":true,"href":"https:\/\/www.espromedbio.gob.ve\/inicio\/wp-json\/wp\/v2\/users\/3"}],"replies":[{"embeddable":true,"href":"https:\/\/www.espromedbio.gob.ve\/inicio\/wp-json\/wp\/v2\/comments?post=3744"}],"version-history":[{"count":1,"href":"https:\/\/www.espromedbio.gob.ve\/inicio\/wp-json\/wp\/v2\/posts\/3744\/revisions"}],"predecessor-version":[{"id":3747,"href":"https:\/\/www.espromedbio.gob.ve\/inicio\/wp-json\/wp\/v2\/posts\/3744\/revisions\/3747"}],"wp:featuredmedia":[{"embeddable":true,"href":"https:\/\/www.espromedbio.gob.ve\/inicio\/wp-json\/wp\/v2\/media\/3746"}],"wp:attachment":[{"href":"https:\/\/www.espromedbio.gob.ve\/inicio\/wp-json\/wp\/v2\/media?parent=3744"}],"wp:term":[{"taxonomy":"category","embeddable":true,"href":"https:\/\/www.espromedbio.gob.ve\/inicio\/wp-json\/wp\/v2\/categories?post=3744"},{"taxonomy":"post_tag","embeddable":true,"href":"https:\/\/www.espromedbio.gob.ve\/inicio\/wp-json\/wp\/v2\/tags?post=3744"}],"curies":[{"name":"wp","href":"https:\/\/api.w.org\/{rel}","templated":true}]}}