{"id":3817,"date":"2016-08-22T16:10:15","date_gmt":"2016-08-22T20:40:15","guid":{"rendered":"http:\/\/espromedbio.gob.ve\/?p=3817"},"modified":"2016-08-22T16:10:15","modified_gmt":"2016-08-22T20:40:15","slug":"mision-barrio-adentro-debera-cubrir-todos-los-estados-del-pais-en-2017","status":"publish","type":"post","link":"https:\/\/www.espromedbio.gob.ve\/inicio\/mision-barrio-adentro-debera-cubrir-todos-los-estados-del-pais-en-2017\/","title":{"rendered":"Misi\u00f3n Barrio Adentro deber\u00e1 cubrir todos los estados del pa\u00eds en 2017"},"content":{"rendered":"<p style=\"text-align: justify;\"><strong>Caracas, 20.08.16 (Cortes\u00eda Correo del Orinoco).-<\/strong> La Misi\u00f3n Barrio Adentro est\u00e1 llamada a cubrir todos los estados del pa\u00eds para el primer trimestre de 2017, inform\u00f3 este s\u00e1bado el presidente de la Rep\u00fablica, Nicol\u00e1s Maduro.<!--more--><\/p>\n<p style=\"text-align: justify;\">Indic\u00f3 que en lo que resta de a\u00f1o, este programa tiene que fortalecerse en los estados Nueva Esparta, Zulia, Gu\u00e1rico, Vargas, Yaracuy, Delta Amacuro, Cojedes, Portuguesa, Sucre y en el Distrito Capital.<\/p>\n<p style=\"text-align: justify;\">Desde el Palacio de Miraflores, Caracas, donde dirigi\u00f3 un consejo con vicepresidentes de su Gobierno, el jefe de Estado record\u00f3 que esta misi\u00f3n debe asumirse como una pol\u00edtica para garantizar la vida de los venezolanos.<\/p>\n<p style=\"text-align: justify;\">Durante su alocuci\u00f3n rechaz\u00f3 el inter\u00e9s de los actores pol\u00edticos de la derecha en regresar a la vieja pol\u00edtica de la IV Rep\u00fablica, que asume la salud como un negocio. \u201cNo, no al capitalismo. No a la regresi\u00f3n social, pol\u00edtica y econ\u00f3mica de la patria\u201d, afirm\u00f3 en transmisi\u00f3n de Venezolana de Televisi\u00f3n.<\/p>\n<p style=\"text-align: justify;\">La Misi\u00f3n Barrio Adentro naci\u00f3 en el a\u00f1o 2003 como iniciativa del l\u00edder revolucionario, Hugo Ch\u00e1vez. Hasta la fecha, cuenta con m\u00e1s de 10.000 mil m\u00f3dulos de atenci\u00f3n primaria que se encuentran en la geograf\u00eda nacional.<\/p>\n<p style=\"text-align: justify;\">Adem\u00e1s de la red de consultorios populares, este programa dispone de los Centros de Diagn\u00f3stico Integral (CDI) y Centros de Alta Tecnolog\u00eda (CAT) que garantizan un servicio m\u00e9dico y quir\u00fargico de urgencia las 24 horas.\u00a0<strong>Fuente\/AVN<\/strong><br \/>\n<strong>Foto\/Prensa Presidencial<\/strong><\/p>\n","protected":false},"excerpt":{"rendered":"<p>Caracas, 20.08.16 (Cortes\u00eda Correo del Orinoco).- La Misi\u00f3n Barrio Adentro est\u00e1 llamada a cubrir todos los estados del pa\u00eds para el primer trimestre de 2017, inform\u00f3 este s\u00e1bado el presidente de la Rep\u00fablica, Nicol\u00e1s Maduro.<\/p>\n","protected":false},"author":3,"featured_media":3818,"comment_status":"closed","ping_status":"closed","sticky":false,"template":"","format":"standard","meta":[],"categories":[21,2],"tags":[83,23,66],"_links":{"self":[{"href":"https:\/\/www.espromedbio.gob.ve\/inicio\/wp-json\/wp\/v2\/posts\/3817"}],"collection":[{"href":"https:\/\/www.espromedbio.gob.ve\/inicio\/wp-json\/wp\/v2\/posts"}],"about":[{"href":"https:\/\/www.espromedbio.gob.ve\/inicio\/wp-json\/wp\/v2\/types\/post"}],"author":[{"embeddable":true,"href":"https:\/\/www.espromedbio.gob.ve\/inicio\/wp-json\/wp\/v2\/users\/3"}],"replies":[{"embeddable":true,"href":"https:\/\/www.espromedbio.gob.ve\/inicio\/wp-json\/wp\/v2\/comments?post=3817"}],"version-history":[{"count":1,"href":"https:\/\/www.espromedbio.gob.ve\/inicio\/wp-json\/wp\/v2\/posts\/3817\/revisions"}],"predecessor-version":[{"id":3819,"href":"https:\/\/www.espromedbio.gob.ve\/inicio\/wp-json\/wp\/v2\/posts\/3817\/revisions\/3819"}],"wp:featuredmedia":[{"embeddable":true,"href":"https:\/\/www.espromedbio.gob.ve\/inicio\/wp-json\/wp\/v2\/media\/3818"}],"wp:attachment":[{"href":"https:\/\/www.espromedbio.gob.ve\/inicio\/wp-json\/wp\/v2\/media?parent=3817"}],"wp:term":[{"taxonomy":"category","embeddable":true,"href":"https:\/\/www.espromedbio.gob.ve\/inicio\/wp-json\/wp\/v2\/categories?post=3817"},{"taxonomy":"post_tag","embeddable":true,"href":"https:\/\/www.espromedbio.gob.ve\/inicio\/wp-json\/wp\/v2\/tags?post=3817"}],"curies":[{"name":"wp","href":"https:\/\/api.w.org\/{rel}","templated":true}]}}