{"id":3826,"date":"2016-08-23T09:04:14","date_gmt":"2016-08-23T13:34:14","guid":{"rendered":"http:\/\/espromedbio.gob.ve\/?p=3826"},"modified":"2016-08-24T14:52:07","modified_gmt":"2016-08-24T19:22:07","slug":"mpps-organizo-un-foro-sobre-medicina-tradicional","status":"publish","type":"post","link":"https:\/\/www.espromedbio.gob.ve\/inicio\/mpps-organizo-un-foro-sobre-medicina-tradicional\/","title":{"rendered":"MPPS Organiz\u00f3 un foro sobre medicina tradicional"},"content":{"rendered":"<p class=\"title\" style=\"text-align: center;\">La mercantilizaci\u00f3n de la salud se opone a los saberes ancestrales<\/p>\n<p style=\"text-align: justify;\"><strong>Caracas, 23.08.16 (Cortes\u00eda Correo del Orinoco).-<\/strong> A decir de Keyrineth Fern\u00e1ndez, directora general de Salud Ind\u00edgena, Intercultural y Terapias Complementarias del Ministerio del Poder Popular para la Salud (MPPS), la mercantilizaci\u00f3n de la salud \u201cdiscrepa\u201d e influye negativamente en la preservaci\u00f3n de los saberes ancestrales de los pueblos originarios.<!--more--><\/p>\n<p style=\"text-align: justify;\">Durante el Foro de Medicina Tradicional y Terapias Complementarias organizado por el MPPS, Fern\u00e1ndez aleg\u00f3 que los modelos capitalista y rentista \u201cno son modelos amplios que incluyan los saberes ancestrales\u201d. En cambio, explic\u00f3 que desde la visi\u00f3n socialista del Gobierno Revolucionario se promueven proyectos y programas para impulsar la medicina tradicional.<\/p>\n<p style=\"text-align: justify;\">\u201cPara los pueblos ind\u00edgenas no es f\u00e1cil desprenderse de su ancestralidad y de la espiritualidad heredada\u201d, manifest\u00f3 Fern\u00e1ndez. Un legado que, precis\u00f3, lo llevamos \u201cen la sangre, as\u00ed como tambi\u00e9n llevamos la defensas de nuestras costumbres y tradiciones\u201d.<\/p>\n<p style=\"text-align: justify;\">El foro sirvi\u00f3 para reafirmar la alianza entre los pueblos ind\u00edgenas y el sector afrodescendiente de Venezuela, dos sectores que, a decir de la ministra, han sido v\u00edctimas hist\u00f3ricas de la exclusi\u00f3n. \u201cLos hermanos ind\u00edgenas y el pueblo afrodescendiente hoy por hoy defienden un proyecto justo de igualdad, equidad y de justicia social, que incluye la atenci\u00f3n primaria en salud\u201d, dijo.<\/p>\n<p style=\"text-align: justify;\"><strong>EXTRACCI\u00d3N DE CONOCIMIENTO ANCESTRAL<\/strong><\/p>\n<p style=\"text-align: justify;\">Leida Pe\u00f1a, encargada de Medicinas Tradicionales y Terapias Complementarias de la Direcci\u00f3n General de Salud Ind\u00edgena del Viceministerio del MPPS, refiri\u00f3 que en el art\u00edculo 122 de la Carta Magna est\u00e1n reconocidas las medicinas tradicionales y las terapias complementarias como \u201csujetos con principios bio\u00e9ticos\u201d.<\/p>\n<p style=\"text-align: justify;\">Asever\u00f3 que contin\u00faa la apropiaci\u00f3n del conocimiento ind\u00edgena por parte de la industria farmac\u00e9utica. Explic\u00f3 que el mecanismo es simple, llegan a las comunidades ofreciendo grandes cantidades de dinero, aprovech\u00e1ndose de las necesidades que pudieran tener los pobladores, para extraerle informaci\u00f3n sobre sus conocimientos ancestrales, que luego es patentado y utilizado para producir medicina que es vendida a altos precios en todo el mundo. Indic\u00f3 que las transnacionales de la salud asumen como de su propiedad el conocimiento ind\u00edgena, por lo que incluyen esta informaci\u00f3n como parte de sus inventarios.<\/p>\n<p style=\"text-align: justify;\">\u201cEstamos erradicando este tipo de acciones a trav\u00e9s de pol\u00edticas p\u00fablicas\u201d que defiendan los derechos de los pueblos originarios, se\u00f1al\u00f3 Pe\u00f1a, quien coment\u00f3 que actualmente est\u00e1n en proceso varias demandas relacionadas con este tipo de irregularidad.<\/p>\n<p style=\"text-align: justify;\">Anunci\u00f3 que en alianza con Farmapatria, pr\u00f3ximamente se realizar\u00e1 un foro para peque\u00f1os y medianos productores con el fin de promover la producci\u00f3n 100% artesanal de medicina ancestral y tradicional.<\/p>\n<p style=\"text-align: justify;\">Tambi\u00e9n inform\u00f3 que desde hace algunos meses, en la sede del ministerio, convergen representantes de organizaciones sociales que promueven la reivindicaci\u00f3n, regulaci\u00f3n y posterior acreditaci\u00f3n de las medicinas tradicionales y terapias complementarias, no ind\u00edgenas, \u201ccon el fin de contrarrestar la pirater\u00eda de la salud en Venezuela!\u201d.<\/p>\n<p style=\"text-align: justify;\"><strong>SOLO EN REVOLUCI\u00d3N<\/strong><\/p>\n<p style=\"text-align: justify;\">Fern\u00e1ndez inform\u00f3 que actualmente existen 34 servicios de atenci\u00f3n y orientaci\u00f3n al paciente ind\u00edgena en las comunidades m\u00e1s lejanas de todo el territorio nacional. Asimismo, destac\u00f3 los planes especiales de salud dirigidos a las comunidades yanomami, warao y a las pobladores asentados en territorios del estado Apure y en la Sierra de Perij\u00e1, en el Zulia.<\/p>\n<p style=\"text-align: justify;\">\u201cSon oportunidades que solo se consiguen en Revoluci\u00f3n. Como india de esta patria tengo la gran responsabilidad de decir que solamente el proceso bolivariano es el que nos ha representado y que por el contrario, el proyecto impresentable que hoy\u201d (enarbola) \u201cla oposici\u00f3n no reconoce a los pueblos originarios\u201d.<\/p>\n<p style=\"text-align: justify;\">Recalc\u00f3 que el Gobierno del presidente Maduro realiza \u201cun trabajo permanente en pro del avance de los pueblos ind\u00edgenas\u201d, especialmente en lo relacionado con la inclusi\u00f3n de este sector de venezolanas y venezolanos en las pol\u00edticas p\u00fablicas de Salud, d\u00e1ndole cumplimiento a lo establecido en la Constituci\u00f3n de la Rep\u00fablica Bolivariana de Venezuela.<\/p>\n<p style=\"text-align: justify;\">Subray\u00f3 que el sector salud es uno de los m\u00e1s afectados por los ataques de la guerra econ\u00f3mica y destac\u00f3 el trabajo de los trabajadores del sistema Nacional de Salud en la defensa de los derechos de los venezolanos a la salud gratuita y digna.\u00a0<strong>T\/ Romer Viera \/\u00a0F\/ H\u00e9ctor Rattia<\/strong><\/p>\n","protected":false},"excerpt":{"rendered":"<p>La mercantilizaci\u00f3n de la salud se opone a los saberes ancestrales Caracas, 23.08.16 (Cortes\u00eda Correo del Orinoco).- A decir de Keyrineth Fern\u00e1ndez, directora general de Salud Ind\u00edgena, Intercultural y Terapias Complementarias del Ministerio del Poder Popular para la Salud (MPPS), la mercantilizaci\u00f3n de la salud \u201cdiscrepa\u201d e influye negativamente en la preservaci\u00f3n de los saberes [&hellip;]<\/p>\n","protected":false},"author":3,"featured_media":3853,"comment_status":"closed","ping_status":"closed","sticky":false,"template":"","format":"standard","meta":[],"categories":[21,2],"tags":[60,73],"_links":{"self":[{"href":"https:\/\/www.espromedbio.gob.ve\/inicio\/wp-json\/wp\/v2\/posts\/3826"}],"collection":[{"href":"https:\/\/www.espromedbio.gob.ve\/inicio\/wp-json\/wp\/v2\/posts"}],"about":[{"href":"https:\/\/www.espromedbio.gob.ve\/inicio\/wp-json\/wp\/v2\/types\/post"}],"author":[{"embeddable":true,"href":"https:\/\/www.espromedbio.gob.ve\/inicio\/wp-json\/wp\/v2\/users\/3"}],"replies":[{"embeddable":true,"href":"https:\/\/www.espromedbio.gob.ve\/inicio\/wp-json\/wp\/v2\/comments?post=3826"}],"version-history":[{"count":1,"href":"https:\/\/www.espromedbio.gob.ve\/inicio\/wp-json\/wp\/v2\/posts\/3826\/revisions"}],"predecessor-version":[{"id":3828,"href":"https:\/\/www.espromedbio.gob.ve\/inicio\/wp-json\/wp\/v2\/posts\/3826\/revisions\/3828"}],"wp:featuredmedia":[{"embeddable":true,"href":"https:\/\/www.espromedbio.gob.ve\/inicio\/wp-json\/wp\/v2\/media\/3853"}],"wp:attachment":[{"href":"https:\/\/www.espromedbio.gob.ve\/inicio\/wp-json\/wp\/v2\/media?parent=3826"}],"wp:term":[{"taxonomy":"category","embeddable":true,"href":"https:\/\/www.espromedbio.gob.ve\/inicio\/wp-json\/wp\/v2\/categories?post=3826"},{"taxonomy":"post_tag","embeddable":true,"href":"https:\/\/www.espromedbio.gob.ve\/inicio\/wp-json\/wp\/v2\/tags?post=3826"}],"curies":[{"name":"wp","href":"https:\/\/api.w.org\/{rel}","templated":true}]}}