{"id":3829,"date":"2016-08-23T09:15:09","date_gmt":"2016-08-23T13:45:09","guid":{"rendered":"http:\/\/espromedbio.gob.ve\/?p=3829"},"modified":"2016-08-23T09:15:09","modified_gmt":"2016-08-23T13:45:09","slug":"jefe-de-estado-rememora-lucha-y-lealtad-de-rafael-urdaneta","status":"publish","type":"post","link":"https:\/\/www.espromedbio.gob.ve\/inicio\/jefe-de-estado-rememora-lucha-y-lealtad-de-rafael-urdaneta\/","title":{"rendered":"Jefe de Estado rememora lucha y lealtad de Rafael Urdaneta"},"content":{"rendered":"<div class=\"article-body\">\n<p><strong>Caracas, 23 de agosto de 2016. Cortes\u00eda VTV.-\u00a0<\/strong>Este martes, en conmemoraci\u00f3n a los 171 a\u00f1os de la siembra del general Rafael Urdaneta, el presidente de la Rep\u00fablica, Nicol\u00e1s Maduro, rememor\u00f3 en su cuenta oficial de la red social <a class=\"external-link\" href=\"https:\/\/www.facebook.com\/NicolasMaduro\/photos\/a.1402887386608407.1073741828.1402437823320030\/1840515542845587\/?type=3&amp;theater\">Facebook<\/a>\u00a0los ideales de este luchador por la libertad, que lo hicieron gigante en la historia junto al Libertador Sim\u00f3n Bol\u00edvar.<\/p>\n<p>Urdaneta, quien falleci\u00f3 un 23 de agosto de 1845 en Par\u00eds, Francia, durante un viaje diplom\u00e1tico, fue \u201cuno de los m\u00e1s fieles h\u00e9roes de la independencia a la causa del Libertador Sim\u00f3n Bol\u00edvar\u201d, escribi\u00f3 el Mandatario Nacional.<\/p>\n<p>Recalc\u00f3 que \u201ceste hombre de lealtad indiscutible, nacido en Maracaibo, se incorpor\u00f3 temprano a la lucha por la libertad de Venezuela, destacando en grandes batallas, por su compromiso en el cumplimiento de las \u00f3rdenes y gran conocimiento militar\u00bb.<\/p>\n<p>El Dignatario se\u00f1al\u00f3 que al consolidarse la Gran Colombia, Urdaneta estuvo siempre al lado de Bol\u00edvar y le toc\u00f3 enfrentar las conspiraciones que contra el Libertador se gestaron en Bogot\u00e1.<\/p>\n<p>\u201cAsumi\u00f3 el cargo de Presidente de la Gran Colombia en un intento por salvar el proyecto nacido tras la independencia, pero no logr\u00f3 contener las fuerzas de la oligarqu\u00eda, lo que lo llev\u00f3 a padecer la persecuci\u00f3n y el exilio\u00bb, destac\u00f3.<\/p>\n<p>Tras volver a Venezuela, fue electo como Congresista por Coro. Qued\u00f3 registrado en la historia, que al ser repatriados los restos de Sim\u00f3n Bol\u00edvar, el General Urdaneta visti\u00f3 por \u00faltima vez su traje militar, en se\u00f1al de su inquebrantable lealtad al Libertador\u201d, precis\u00f3 el Jefe de Estado.<strong>\/YU\/XN<\/strong><\/p>\n<p>\u00a1Honor y gloria al General Urdaneta!\u00a0<strong>VTV<\/strong><\/p>\n<\/div>\n","protected":false},"excerpt":{"rendered":"<p>Caracas, 23 de agosto de 2016. Cortes\u00eda VTV.-\u00a0Este martes, en conmemoraci\u00f3n a los 171 a\u00f1os de la siembra del general Rafael Urdaneta, el presidente de la Rep\u00fablica, Nicol\u00e1s Maduro, rememor\u00f3 en su cuenta oficial de la red social Facebook\u00a0los ideales de este luchador por la libertad, que lo hicieron gigante en la historia junto al [&hellip;]<\/p>\n","protected":false},"author":3,"featured_media":3830,"comment_status":"closed","ping_status":"closed","sticky":false,"template":"","format":"standard","meta":[],"categories":[21,2],"tags":[74,23],"_links":{"self":[{"href":"https:\/\/www.espromedbio.gob.ve\/inicio\/wp-json\/wp\/v2\/posts\/3829"}],"collection":[{"href":"https:\/\/www.espromedbio.gob.ve\/inicio\/wp-json\/wp\/v2\/posts"}],"about":[{"href":"https:\/\/www.espromedbio.gob.ve\/inicio\/wp-json\/wp\/v2\/types\/post"}],"author":[{"embeddable":true,"href":"https:\/\/www.espromedbio.gob.ve\/inicio\/wp-json\/wp\/v2\/users\/3"}],"replies":[{"embeddable":true,"href":"https:\/\/www.espromedbio.gob.ve\/inicio\/wp-json\/wp\/v2\/comments?post=3829"}],"version-history":[{"count":1,"href":"https:\/\/www.espromedbio.gob.ve\/inicio\/wp-json\/wp\/v2\/posts\/3829\/revisions"}],"predecessor-version":[{"id":3831,"href":"https:\/\/www.espromedbio.gob.ve\/inicio\/wp-json\/wp\/v2\/posts\/3829\/revisions\/3831"}],"wp:featuredmedia":[{"embeddable":true,"href":"https:\/\/www.espromedbio.gob.ve\/inicio\/wp-json\/wp\/v2\/media\/3830"}],"wp:attachment":[{"href":"https:\/\/www.espromedbio.gob.ve\/inicio\/wp-json\/wp\/v2\/media?parent=3829"}],"wp:term":[{"taxonomy":"category","embeddable":true,"href":"https:\/\/www.espromedbio.gob.ve\/inicio\/wp-json\/wp\/v2\/categories?post=3829"},{"taxonomy":"post_tag","embeddable":true,"href":"https:\/\/www.espromedbio.gob.ve\/inicio\/wp-json\/wp\/v2\/tags?post=3829"}],"curies":[{"name":"wp","href":"https:\/\/api.w.org\/{rel}","templated":true}]}}