{"id":3849,"date":"2016-08-24T12:54:44","date_gmt":"2016-08-24T17:24:44","guid":{"rendered":"http:\/\/espromedbio.gob.ve\/?p=3849"},"modified":"2016-08-24T12:54:44","modified_gmt":"2016-08-24T17:24:44","slug":"maduro-reitera-que-a-partir-del-1o-de-septiembre-arranca-la-ofensiva-de-la-revolucion-bolivariana","status":"publish","type":"post","link":"https:\/\/www.espromedbio.gob.ve\/inicio\/maduro-reitera-que-a-partir-del-1o-de-septiembre-arranca-la-ofensiva-de-la-revolucion-bolivariana\/","title":{"rendered":"Maduro reitera que a partir del 1\u00ba de septiembre arranca la ofensiva de la Revoluci\u00f3n Bolivariana"},"content":{"rendered":"<p class=\"subtitle\" style=\"text-align: center;\">En el programa Contacto con Maduro n\u00famero 65<\/p>\n<p style=\"text-align: justify;\"><strong>Caracas, 23.08.16 (Cortes\u00eda Correo del Orinoco).-<\/strong> Desde el 1\u00ba de septiembre hasta el 31 de diciembre de 2016, la Revoluci\u00f3n Bolivariana llevar\u00e1 a cabo la ofensiva especial a trav\u00e9s de tres l\u00edneas estrat\u00e9gicas, as\u00ed lo reiter\u00f3 este martes el presidente de la Rep\u00fablica Bolivariana de Venezuela.<!--more--><\/p>\n<p style=\"text-align: justify;\">Explic\u00f3 que la primera gran l\u00ednea de acci\u00f3n es la relacionada con la protecci\u00f3n del pueblo venezolano y con lo social. Al respecto indic\u00f3 que mediante este lineamiento se busca el desarrollo din\u00e1mico de las misiones y grandes misiones, la protecci\u00f3n del empleo y del salario, de la salud, de la educaci\u00f3n.<\/p>\n<p style=\"text-align: justify;\">\u201cEs la agenda de la felicidad social, tomando el concepto de Bol\u00edvar y en eso en fundamental la uni\u00f3n pueblo-gobierno\u201d, se\u00f1al\u00f3.<\/p>\n<p style=\"text-align: justify;\">Expuso que la segunda gran l\u00ednea est\u00e1 relacionada con la revoluci\u00f3n econ\u00f3mica y la derrota de la guerra econ\u00f3mica, lo que implica el despliegue y consolidaci\u00f3n de la Gran Misi\u00f3n Abastecimiento Soberano (GMAS) y el desarrollo de la Agenda Econ\u00f3mica Bolivariana (AEB) y la expansi\u00f3n de los Comit\u00e9s Locales de Abastecimiento y Producci\u00f3n (CLAP).<\/p>\n<p style=\"text-align: justify;\">\u201cTenemos pol\u00edticas, tenemos resultados, tenemos poder, tenemos fuerza, queremos hacerlo y vamos a hacerlo, este cuatrimestre tiene que ser de mejor\u00eda econ\u00f3mica (\u2026) Combinando la Gran Misi\u00f3n Abastecimiento Soberano, la Agenda Econ\u00f3mica Bolivariana que es una visi\u00f3n del plan de la patria y la consolidaci\u00f3n de los CLAP\u201d, asever\u00f3.<\/p>\n<p style=\"text-align: justify;\">La gran tercera l\u00ednea est\u00e1 vinculada con el fortalecimiento de los valores de lucha y movilizaci\u00f3n del pueblo en defensa de la revoluci\u00f3n, destac\u00f3. En ese sentido, acot\u00f3 que con este lineamiento se persigue el fortalecimiento del Congreso de la Patria, del Gran Polo Patri\u00f3tico y dem\u00e1s organizaciones sociales de la Revoluci\u00f3n Bolivariana.\u00a0<strong>Texto\/Sandra Izarra\/<\/strong><strong>Foto\/Prensa Presidencial<\/strong><\/p>\n","protected":false},"excerpt":{"rendered":"<p>En el programa Contacto con Maduro n\u00famero 65 Caracas, 23.08.16 (Cortes\u00eda Correo del Orinoco).- Desde el 1\u00ba de septiembre hasta el 31 de diciembre de 2016, la Revoluci\u00f3n Bolivariana llevar\u00e1 a cabo la ofensiva especial a trav\u00e9s de tres l\u00edneas estrat\u00e9gicas, as\u00ed lo reiter\u00f3 este martes el presidente de la Rep\u00fablica Bolivariana de Venezuela.<\/p>\n","protected":false},"author":3,"featured_media":3851,"comment_status":"closed","ping_status":"closed","sticky":false,"template":"","format":"standard","meta":[],"categories":[21,2],"tags":[51,23],"_links":{"self":[{"href":"https:\/\/www.espromedbio.gob.ve\/inicio\/wp-json\/wp\/v2\/posts\/3849"}],"collection":[{"href":"https:\/\/www.espromedbio.gob.ve\/inicio\/wp-json\/wp\/v2\/posts"}],"about":[{"href":"https:\/\/www.espromedbio.gob.ve\/inicio\/wp-json\/wp\/v2\/types\/post"}],"author":[{"embeddable":true,"href":"https:\/\/www.espromedbio.gob.ve\/inicio\/wp-json\/wp\/v2\/users\/3"}],"replies":[{"embeddable":true,"href":"https:\/\/www.espromedbio.gob.ve\/inicio\/wp-json\/wp\/v2\/comments?post=3849"}],"version-history":[{"count":1,"href":"https:\/\/www.espromedbio.gob.ve\/inicio\/wp-json\/wp\/v2\/posts\/3849\/revisions"}],"predecessor-version":[{"id":3852,"href":"https:\/\/www.espromedbio.gob.ve\/inicio\/wp-json\/wp\/v2\/posts\/3849\/revisions\/3852"}],"wp:featuredmedia":[{"embeddable":true,"href":"https:\/\/www.espromedbio.gob.ve\/inicio\/wp-json\/wp\/v2\/media\/3851"}],"wp:attachment":[{"href":"https:\/\/www.espromedbio.gob.ve\/inicio\/wp-json\/wp\/v2\/media?parent=3849"}],"wp:term":[{"taxonomy":"category","embeddable":true,"href":"https:\/\/www.espromedbio.gob.ve\/inicio\/wp-json\/wp\/v2\/categories?post=3849"},{"taxonomy":"post_tag","embeddable":true,"href":"https:\/\/www.espromedbio.gob.ve\/inicio\/wp-json\/wp\/v2\/tags?post=3849"}],"curies":[{"name":"wp","href":"https:\/\/api.w.org\/{rel}","templated":true}]}}