{"id":3858,"date":"2016-08-25T10:49:14","date_gmt":"2016-08-25T15:19:14","guid":{"rendered":"http:\/\/espromedbio.gob.ve\/?p=3858"},"modified":"2016-08-25T10:49:14","modified_gmt":"2016-08-25T15:19:14","slug":"agenda-social-sera-prioridad-de-venezuela-en-el-mercosur","status":"publish","type":"post","link":"https:\/\/www.espromedbio.gob.ve\/inicio\/agenda-social-sera-prioridad-de-venezuela-en-el-mercosur\/","title":{"rendered":"Agenda social ser\u00e1 prioridad de Venezuela en el Mercosur"},"content":{"rendered":"<p style=\"text-align: justify;\"><strong>Caracas , 24 Ago. Cortes\u00eda AVN.-<\/strong> Este mi\u00e9rcoles, en Montevideo, Uruguay, el Gobierno venezolano ratific\u00f3 que la agenda social ser\u00e1 prioridad durante el ejercicio de la presidencia pro t\u00e9mpore del Mercado Com\u00fan del Sur (Mercosur).<!--more--><\/p>\n<p style=\"text-align: justify;\">As\u00ed lo dio a conocer H\u00e9ctor Constant, coordinador nacional en el Grupo Mercado Com\u00fan \u2014\u00f3rgano ejecutivo de Mercosur\u2014, durante la reuni\u00f3n que sostuvo con sus pares de Uruguay y Bolivia para presentar la agenda de trabajo de los pr\u00f3ximos meses, rese\u00f1\u00f3 el equipo de prensa de la Embajada de Venezuela en Uruguay, a trav\u00e9s de su cuenta de Twitter.<\/p>\n<p style=\"text-align: justify;\">La Coordinaci\u00f3n Nacional de Venezuela en el Mercosur inform\u00f3 sobre esta reuni\u00f3n el pasado martes, a trav\u00e9s de un comunicado en el que lament\u00f3 que las delegaciones de Argentina, Brasil y Paraguay rechazaran la convocatoria al encuentro, como parte de una \u00abmaniobra contra la institucionalidad de Mercosur\u00bb.<\/p>\n<p style=\"text-align: justify;\">Venezuela rechaz\u00f3 adem\u00e1s la usurpaci\u00f3n de competencias por parte de la Rep\u00fablica Argentina, que de manera ileg\u00edtima, convoc\u00f3 el martes 23 a una reuni\u00f3n de las coordinaciones nacionales del Grupo Mercado Com\u00fan.<\/p>\n<p style=\"text-align: justify;\">El presidente de la Rep\u00fablica, Nicol\u00e1s Maduro, ha denunciado que los gobiernos de Argentina, Brasil y Paraguay han construido una nueva \u00abTriple Alianza\u00bb de ultraderecha contra la presidencia venezolana del Mercosur, en una estrategia dictada desde Washington.<\/p>\n<p style=\"text-align: justify;\">A pesar de ello, la naci\u00f3n bolivariana ha ratificado que defender\u00e1 la agenda social del Mercosur promovida por el comandante Hugo Ch\u00e1vez cuando el pa\u00eds ingres\u00f3 como miembro pleno en 2012.<\/p>\n<p style=\"text-align: justify;\">Venezuela tambi\u00e9n se propone \u00abavanzar en una mayor y mejor integraci\u00f3n durante el semestre en curso, y en aras de preservar la integridad de este bloque regional, protegi\u00e9ndola de maniobras que pretendan su inutilizaci\u00f3n\u00bb, cit\u00f3 el comunicado enviado por la\u00a0Coordinaci\u00f3n Nacional de Venezuela en el Mercosur.<\/p>\n","protected":false},"excerpt":{"rendered":"<p>Caracas , 24 Ago. Cortes\u00eda AVN.- Este mi\u00e9rcoles, en Montevideo, Uruguay, el Gobierno venezolano ratific\u00f3 que la agenda social ser\u00e1 prioridad durante el ejercicio de la presidencia pro t\u00e9mpore del Mercado Com\u00fan del Sur (Mercosur).<\/p>\n","protected":false},"author":3,"featured_media":3859,"comment_status":"closed","ping_status":"closed","sticky":false,"template":"","format":"standard","meta":[],"categories":[21,2],"tags":[39,28],"_links":{"self":[{"href":"https:\/\/www.espromedbio.gob.ve\/inicio\/wp-json\/wp\/v2\/posts\/3858"}],"collection":[{"href":"https:\/\/www.espromedbio.gob.ve\/inicio\/wp-json\/wp\/v2\/posts"}],"about":[{"href":"https:\/\/www.espromedbio.gob.ve\/inicio\/wp-json\/wp\/v2\/types\/post"}],"author":[{"embeddable":true,"href":"https:\/\/www.espromedbio.gob.ve\/inicio\/wp-json\/wp\/v2\/users\/3"}],"replies":[{"embeddable":true,"href":"https:\/\/www.espromedbio.gob.ve\/inicio\/wp-json\/wp\/v2\/comments?post=3858"}],"version-history":[{"count":1,"href":"https:\/\/www.espromedbio.gob.ve\/inicio\/wp-json\/wp\/v2\/posts\/3858\/revisions"}],"predecessor-version":[{"id":3860,"href":"https:\/\/www.espromedbio.gob.ve\/inicio\/wp-json\/wp\/v2\/posts\/3858\/revisions\/3860"}],"wp:featuredmedia":[{"embeddable":true,"href":"https:\/\/www.espromedbio.gob.ve\/inicio\/wp-json\/wp\/v2\/media\/3859"}],"wp:attachment":[{"href":"https:\/\/www.espromedbio.gob.ve\/inicio\/wp-json\/wp\/v2\/media?parent=3858"}],"wp:term":[{"taxonomy":"category","embeddable":true,"href":"https:\/\/www.espromedbio.gob.ve\/inicio\/wp-json\/wp\/v2\/categories?post=3858"},{"taxonomy":"post_tag","embeddable":true,"href":"https:\/\/www.espromedbio.gob.ve\/inicio\/wp-json\/wp\/v2\/tags?post=3858"}],"curies":[{"name":"wp","href":"https:\/\/api.w.org\/{rel}","templated":true}]}}