{"id":3868,"date":"2016-08-25T11:22:40","date_gmt":"2016-08-25T15:52:40","guid":{"rendered":"http:\/\/espromedbio.gob.ve\/?p=3868"},"modified":"2016-08-25T11:22:40","modified_gmt":"2016-08-25T15:52:40","slug":"buque-escuela-simon-bolivar-obtuvo-oro-como-el-velero-mas-rapido-en-la-tall-ships-races","status":"publish","type":"post","link":"https:\/\/www.espromedbio.gob.ve\/inicio\/buque-escuela-simon-bolivar-obtuvo-oro-como-el-velero-mas-rapido-en-la-tall-ships-races\/","title":{"rendered":"Buque escuela Sim\u00f3n Bol\u00edvar obtuvo oro como el velero m\u00e1s r\u00e1pido en la \u201cTall Ships Races\u201d"},"content":{"rendered":"<p style=\"text-align: justify;\"><strong>Caracas, 25.08.16 (Correo del Orinoco).-<\/strong> \u00a0El buque-escuela Sim\u00f3n Bol\u00edvar de la Armada Nacional Bolivariana de Venezuela, atrac\u00f3 hoy (jueves) en el puerto de Santa Cruz de Tenerife tras haber ganado en la \u201cTall Ships Races\u201d -una de las mayores regatas de veleros del mundo- el oro en la categor\u00eda del velero m\u00e1s r\u00e1pido.<!--more--><\/p>\n<p style=\"text-align: justify;\">\u201cAl combate valientes marinos, nada importa morir en la mar si eso salva el honor militar\u201d, cantaron los 171 tripulantes en su llegada al puerto de la capital tinerfe\u00f1a (Canarias, Atl\u00e1ntico).<\/p>\n<p style=\"text-align: justify;\">Seg\u00fan indic\u00f3 este jueves en la cubierta del velero su capit\u00e1n, Alfonso de Gregorio Mel\u00e9ndez, la tripulaci\u00f3n est\u00e1 muy emocionada por el premio as\u00ed como tambi\u00e9n lo est\u00e1 el pueblo venezolano.<\/p>\n<p style=\"text-align: justify;\">El galard\u00f3n a este buque, que tiene 82 metros de eslora y diez de manga, representa a los treinta millones de venezolanos, explic\u00f3 su capit\u00e1n, que adem\u00e1s aclar\u00f3 que Venezuela es un pa\u00eds \u201cde paz y de uni\u00f3n\u201d.<\/p>\n<p style=\"text-align: justify;\">Mel\u00e9ndez tambi\u00e9n manifest\u00f3 que cuando en mayo salieron de Venezuela, el presidente Nicol\u00e1s Maduro les aconsej\u00f3 que demostraran en todos los lugares en los que atracara el Sim\u00f3n Bol\u00edvar que Venezuela \u201ces un pa\u00eds amigo de todo el mundo\u201d y consigo llevan los valores y el pensamiento de Hugo Ch\u00e1vez, que les define como \u201cun pueblo unido\u201d.<\/p>\n<p style=\"text-align: justify;\">El buque, que no hab\u00eda visitado la isla tinerfe\u00f1a desde 1999, estar\u00e1 cinco d\u00edas en el puerto de Santa Cruz y el 30 de agosto partir\u00e1 hacia su \u00faltima escala, la isla de Guadalupe, en M\u00e9xico y luego se dirigir\u00e1 a Venezuela, a la que seg\u00fan Mel\u00e9ndez, esperan llegar a principios de octubre.<\/p>\n<p style=\"text-align: justify;\">Mientras el velero se encuentre en Tenerife, asegur\u00f3 su capit\u00e1n, esperan que tanto canarios como venezolanos lo visiten y puedan compartir as\u00ed \u201csuelo de Venezuela\u201d, ya que el buque estar\u00e1 abierto al p\u00fablico todos los d\u00edas, y destac\u00f3 que durante su estancia la tripulaci\u00f3n se esforzar\u00e1 por mostrar la tradici\u00f3n folcl\u00f3rica de su pa\u00eds.<\/p>\n<p style=\"text-align: justify;\">Asimismo, Mel\u00e9ndez explic\u00f3 que la tripulaci\u00f3n cuenta con personas que provienen de Brasil, Rep\u00fablica Dominicana y Uruguay, entre otras nacionalidades por lo que se refleja que la fuerza armada \u201ces una sola\u201d.\u00a0<strong>T\/EFE \/\u00a0F\/Archivo<\/strong><\/p>\n","protected":false},"excerpt":{"rendered":"<p>Caracas, 25.08.16 (Correo del Orinoco).- \u00a0El buque-escuela Sim\u00f3n Bol\u00edvar de la Armada Nacional Bolivariana de Venezuela, atrac\u00f3 hoy (jueves) en el puerto de Santa Cruz de Tenerife tras haber ganado en la \u201cTall Ships Races\u201d -una de las mayores regatas de veleros del mundo- el oro en la categor\u00eda del velero m\u00e1s r\u00e1pido.<\/p>\n","protected":false},"author":3,"featured_media":3869,"comment_status":"closed","ping_status":"closed","sticky":false,"template":"","format":"standard","meta":[],"categories":[21,2],"tags":[25],"_links":{"self":[{"href":"https:\/\/www.espromedbio.gob.ve\/inicio\/wp-json\/wp\/v2\/posts\/3868"}],"collection":[{"href":"https:\/\/www.espromedbio.gob.ve\/inicio\/wp-json\/wp\/v2\/posts"}],"about":[{"href":"https:\/\/www.espromedbio.gob.ve\/inicio\/wp-json\/wp\/v2\/types\/post"}],"author":[{"embeddable":true,"href":"https:\/\/www.espromedbio.gob.ve\/inicio\/wp-json\/wp\/v2\/users\/3"}],"replies":[{"embeddable":true,"href":"https:\/\/www.espromedbio.gob.ve\/inicio\/wp-json\/wp\/v2\/comments?post=3868"}],"version-history":[{"count":1,"href":"https:\/\/www.espromedbio.gob.ve\/inicio\/wp-json\/wp\/v2\/posts\/3868\/revisions"}],"predecessor-version":[{"id":3870,"href":"https:\/\/www.espromedbio.gob.ve\/inicio\/wp-json\/wp\/v2\/posts\/3868\/revisions\/3870"}],"wp:featuredmedia":[{"embeddable":true,"href":"https:\/\/www.espromedbio.gob.ve\/inicio\/wp-json\/wp\/v2\/media\/3869"}],"wp:attachment":[{"href":"https:\/\/www.espromedbio.gob.ve\/inicio\/wp-json\/wp\/v2\/media?parent=3868"}],"wp:term":[{"taxonomy":"category","embeddable":true,"href":"https:\/\/www.espromedbio.gob.ve\/inicio\/wp-json\/wp\/v2\/categories?post=3868"},{"taxonomy":"post_tag","embeddable":true,"href":"https:\/\/www.espromedbio.gob.ve\/inicio\/wp-json\/wp\/v2\/tags?post=3868"}],"curies":[{"name":"wp","href":"https:\/\/api.w.org\/{rel}","templated":true}]}}