{"id":3891,"date":"2016-08-29T13:49:59","date_gmt":"2016-08-29T18:19:59","guid":{"rendered":"http:\/\/espromedbio.gob.ve\/?p=3891"},"modified":"2016-08-29T13:49:59","modified_gmt":"2016-08-29T18:19:59","slug":"exitosa-prueba-piloto-del-equipo-de-evaluacion-rapida-de-ceguera-evitable","status":"publish","type":"post","link":"https:\/\/www.espromedbio.gob.ve\/inicio\/exitosa-prueba-piloto-del-equipo-de-evaluacion-rapida-de-ceguera-evitable\/","title":{"rendered":"Exitosa prueba piloto del Equipo de Evaluaci\u00f3n R\u00e1pida de Ceguera Evitable"},"content":{"rendered":"<p class=\"subtitle\" style=\"text-align: center;\">El viernes en el Urbanismo Ciudad Tiuna<\/p>\n<p style=\"text-align: justify;\"><strong>Caracas, 27.08.16 (Cortes\u00eda Correo del Orinoco).-<\/strong> Con total \u00e9xito se efectu\u00f3 ayer la prueba piloto del Programa de Formaci\u00f3n del Equipo Evaluaci\u00f3n R\u00e1pida de Ceguera Evitable (ERCE) Venezuela, que tendr\u00e1 a su cargo la realizaci\u00f3n de la Segunda Encuesta Nacional de Prevenci\u00f3n de Ceguera Evitable 2016 en septiembre.<!--more--><\/p>\n<p style=\"text-align: justify;\">La jefa del Servicio de Oftalmolog\u00eda del Hospital General Valles del Tuy Sim\u00f3n Bol\u00edvar, Yolimar Alberti, explic\u00f3 que la actividad consisti\u00f3 en un entrenamiento de campo de dicho programa de formaci\u00f3n, a fin de afinar las herramientas y la metodolog\u00eda para la realizaci\u00f3n de la mencionada encuesta nacional, \u201cse trata de la forma de c\u00f3mo nosotros deberemos desplegarnos en el terreno a nivel nacional\u201d.<\/p>\n<p style=\"text-align: justify;\">La declaraci\u00f3n la hizo Alberti en el urbanismo Socialista Ciudad Tiuna, sector Los Chinos, donde en las torres A-13, A-14, A-19 y A-20 fueron abordadas 60 familias y se evalu\u00f3 la visi\u00f3n a personas mayores de 50 a\u00f1os.<\/p>\n<p style=\"text-align: justify;\">La jornada de campo, indic\u00f3, cont\u00f3 con la participaci\u00f3n de cinco equipos de oftalm\u00f3logos y es la culminaci\u00f3n del programa de formaci\u00f3n que comenz\u00f3 el pasado lunes 22 en la sede de las Organizaci\u00f3n Panamericana de la Salud (OPS) y la Organizaci\u00f3n Mundial de la Salud (OMS), coordinado por la Fundaci\u00f3n Misi\u00f3n Milagros junto al Ministerio del Poder Popular para la Salud.<\/p>\n<p style=\"text-align: justify;\"><strong>ACTUALIZAR DATOS<\/strong><\/p>\n<p style=\"text-align: justify;\">La encuesta nacional, precis\u00f3, est\u00e1 prevista que comience entre el 27 o 29 del pr\u00f3ximo mes de septiembre, cuyo prop\u00f3sito fundamental es determinar el n\u00famero de personas que en Venezuela est\u00e1n ciegas y cu\u00e1les son las causas de la ceguera, as\u00ed como conocer cu\u00e1nta poblaci\u00f3n sufre la patolog\u00eda de retinopat\u00edas asociadas a la diabetes,\u00a0lo que permitir\u00e1 obtener datos actualizados para elaborar las respectivas pol\u00edticas p\u00fablicas.<\/p>\n<p style=\"text-align: justify;\">En ese sentido, coment\u00f3 que a partir de esa fecha (finales de septiembre) dispondr\u00e1n cerca de 23 d\u00edas para recabar toda la informaci\u00f3n a escala nacional en las 75 \u00e1reas escogidas al azar. Se tiene previsto abordar a m\u00e1s de cuatro mil habitantes, lo que se traduce en una muestra significativa.<\/p>\n<p style=\"text-align: justify;\">\u201cEl estudio de retinopat\u00edas diab\u00e9ticas solamente se est\u00e1 haciendo en este pa\u00eds, en otros pa\u00edses del Tercer Mundo donde se ha aplicado esta encuesta no se ha incluido. Hemos visto que est\u00e1n apareciendo muchos casos a nivel nacional, hay un repunte de la diabetes que debemos evaluar para promover la prevenci\u00f3n\u201d, apunt\u00f3.<\/p>\n<p style=\"text-align: justify;\">Explic\u00f3 que de encontrar unos \u00edndices de glicemia elevados en la evaluaci\u00f3n de la persona, \u201ces un paciente potencial de diabetes. Si se determina que tiene una diabetes mellitus, es un candidato a tomar medidas para evitar la ceguera\u201d.<\/p>\n<p style=\"text-align: justify;\">Alberti manifest\u00f3 que estos cinco equipos se trasladar\u00e1n a las zonas escogidas donde la Misi\u00f3n Milagro tiene pautado un cronograma y una log\u00edstica. En las jornadas tambi\u00e9n participar\u00e1n los Consejos Comunales.<\/p>\n<p style=\"text-align: justify;\">Una vez realizada la encuesta nacional, indic\u00f3 que toda la informaci\u00f3n obtenida ser\u00e1 entregada a un equipo bioestad\u00edstico que vaciar\u00e1 la encuesta en una base de datos y con un procedimiento tecnol\u00f3gico se obtendr\u00e1n unos resultados definitivos.<\/p>\n<p style=\"text-align: justify;\">Estos datos definitivos, indic\u00f3, se girar\u00e1n al Ministerio de la Salud, ente rector que dicta las pol\u00edticas p\u00fablicas en el pa\u00eds, y tambi\u00e9n al Programa Nacional de Salud Visual.<\/p>\n<p style=\"text-align: justify;\">\u201cUna vez se tengan las conclusiones de la encuesta veremos hacia d\u00f3nde vamos a ir, c\u00f3mo hemos trabajado estos \u00faltimos a\u00f1os desde que se inici\u00f3 la Misi\u00f3n Milagro en el a\u00f1o 2004. C\u00f3mo hemos avanzado, en qu\u00e9 estamos fallando y qu\u00e9 debemos hacer para corregir\u201d, asever\u00f3.\u00a0<strong>T\/ Leida Medina \/\u00a0F\/ Jos\u00e9 Meneses<\/strong><\/p>\n<p class=\"subtitle\" style=\"text-align: justify;\">\n","protected":false},"excerpt":{"rendered":"<p>El viernes en el Urbanismo Ciudad Tiuna Caracas, 27.08.16 (Cortes\u00eda Correo del Orinoco).- Con total \u00e9xito se efectu\u00f3 ayer la prueba piloto del Programa de Formaci\u00f3n del Equipo Evaluaci\u00f3n R\u00e1pida de Ceguera Evitable (ERCE) Venezuela, que tendr\u00e1 a su cargo la realizaci\u00f3n de la Segunda Encuesta Nacional de Prevenci\u00f3n de Ceguera Evitable 2016 en septiembre.<\/p>\n","protected":false},"author":3,"featured_media":3892,"comment_status":"closed","ping_status":"closed","sticky":false,"template":"","format":"standard","meta":[],"categories":[21,2],"tags":[60,66],"_links":{"self":[{"href":"https:\/\/www.espromedbio.gob.ve\/inicio\/wp-json\/wp\/v2\/posts\/3891"}],"collection":[{"href":"https:\/\/www.espromedbio.gob.ve\/inicio\/wp-json\/wp\/v2\/posts"}],"about":[{"href":"https:\/\/www.espromedbio.gob.ve\/inicio\/wp-json\/wp\/v2\/types\/post"}],"author":[{"embeddable":true,"href":"https:\/\/www.espromedbio.gob.ve\/inicio\/wp-json\/wp\/v2\/users\/3"}],"replies":[{"embeddable":true,"href":"https:\/\/www.espromedbio.gob.ve\/inicio\/wp-json\/wp\/v2\/comments?post=3891"}],"version-history":[{"count":1,"href":"https:\/\/www.espromedbio.gob.ve\/inicio\/wp-json\/wp\/v2\/posts\/3891\/revisions"}],"predecessor-version":[{"id":3893,"href":"https:\/\/www.espromedbio.gob.ve\/inicio\/wp-json\/wp\/v2\/posts\/3891\/revisions\/3893"}],"wp:featuredmedia":[{"embeddable":true,"href":"https:\/\/www.espromedbio.gob.ve\/inicio\/wp-json\/wp\/v2\/media\/3892"}],"wp:attachment":[{"href":"https:\/\/www.espromedbio.gob.ve\/inicio\/wp-json\/wp\/v2\/media?parent=3891"}],"wp:term":[{"taxonomy":"category","embeddable":true,"href":"https:\/\/www.espromedbio.gob.ve\/inicio\/wp-json\/wp\/v2\/categories?post=3891"},{"taxonomy":"post_tag","embeddable":true,"href":"https:\/\/www.espromedbio.gob.ve\/inicio\/wp-json\/wp\/v2\/tags?post=3891"}],"curies":[{"name":"wp","href":"https:\/\/api.w.org\/{rel}","templated":true}]}}