{"id":3902,"date":"2016-08-31T12:59:27","date_gmt":"2016-08-31T17:29:27","guid":{"rendered":"http:\/\/espromedbio.gob.ve\/?p=3902"},"modified":"2016-08-31T13:00:36","modified_gmt":"2016-08-31T17:30:36","slug":"padre-numa-molina-resalta-que-la-paz-cristiana-debe-estar-acompanada-de-la-justicia","status":"publish","type":"post","link":"https:\/\/www.espromedbio.gob.ve\/inicio\/padre-numa-molina-resalta-que-la-paz-cristiana-debe-estar-acompanada-de-la-justicia\/","title":{"rendered":"Padre Numa Molina resalta que la paz cristiana debe estar acompa\u00f1ada de la justicia"},"content":{"rendered":"<p style=\"text-align: justify;\"><strong>Caracas, 31 de agosto de 2016.-\u00a0<\/strong>Este mi\u00e9rcoles, el p\u00e1rroco de la iglesia capitalina de San Francisco, Caracas, padre Numa Molina, resalt\u00f3 que para que haya paz cristiana se debe luchar por la justicia.<!--more--><\/p>\n<p style=\"text-align: justify;\">Indic\u00f3, en su cuenta oficial de la red social Twitter\u00a0@numamolina, que \u201cla paz y justicia son inseparables, al punto que no se puede concebir la paz cristiana si antes no se lucha por la justicia\u201d.<\/p>\n<p style=\"text-align: justify;\">El presb\u00edtero escribi\u00f3 que \u201cla paz a lo Cristo es una paz que no nos deja en paz, no nos deja tranquilos mientras haya injusticia\u201d.<\/p>\n<p style=\"text-align: justify;\">Por \u00faltimo, subray\u00f3 que la paz cristiana comienza por el respeto al modo de pensar de las mayor\u00edas populares, y las mayor\u00edas son chavistas.<\/p>\n<p style=\"text-align: justify;\">Durante los \u00faltimos d\u00edas, el padre Numa Molina ha invitado al pa\u00eds y la poblaci\u00f3n caraque\u00f1a a orar por la paz en la naci\u00f3n en la iglesia que lidera<strong>.\/\u00a0YU\/XN<\/strong><\/p>\n","protected":false},"excerpt":{"rendered":"<p>Caracas, 31 de agosto de 2016.-\u00a0Este mi\u00e9rcoles, el p\u00e1rroco de la iglesia capitalina de San Francisco, Caracas, padre Numa Molina, resalt\u00f3 que para que haya paz cristiana se debe luchar por la justicia.<\/p>\n","protected":false},"author":3,"featured_media":3905,"comment_status":"closed","ping_status":"closed","sticky":false,"template":"","format":"standard","meta":[],"categories":[21,2],"tags":[124],"_links":{"self":[{"href":"https:\/\/www.espromedbio.gob.ve\/inicio\/wp-json\/wp\/v2\/posts\/3902"}],"collection":[{"href":"https:\/\/www.espromedbio.gob.ve\/inicio\/wp-json\/wp\/v2\/posts"}],"about":[{"href":"https:\/\/www.espromedbio.gob.ve\/inicio\/wp-json\/wp\/v2\/types\/post"}],"author":[{"embeddable":true,"href":"https:\/\/www.espromedbio.gob.ve\/inicio\/wp-json\/wp\/v2\/users\/3"}],"replies":[{"embeddable":true,"href":"https:\/\/www.espromedbio.gob.ve\/inicio\/wp-json\/wp\/v2\/comments?post=3902"}],"version-history":[{"count":1,"href":"https:\/\/www.espromedbio.gob.ve\/inicio\/wp-json\/wp\/v2\/posts\/3902\/revisions"}],"predecessor-version":[{"id":3904,"href":"https:\/\/www.espromedbio.gob.ve\/inicio\/wp-json\/wp\/v2\/posts\/3902\/revisions\/3904"}],"wp:featuredmedia":[{"embeddable":true,"href":"https:\/\/www.espromedbio.gob.ve\/inicio\/wp-json\/wp\/v2\/media\/3905"}],"wp:attachment":[{"href":"https:\/\/www.espromedbio.gob.ve\/inicio\/wp-json\/wp\/v2\/media?parent=3902"}],"wp:term":[{"taxonomy":"category","embeddable":true,"href":"https:\/\/www.espromedbio.gob.ve\/inicio\/wp-json\/wp\/v2\/categories?post=3902"},{"taxonomy":"post_tag","embeddable":true,"href":"https:\/\/www.espromedbio.gob.ve\/inicio\/wp-json\/wp\/v2\/tags?post=3902"}],"curies":[{"name":"wp","href":"https:\/\/api.w.org\/{rel}","templated":true}]}}