{"id":3912,"date":"2016-09-01T08:37:30","date_gmt":"2016-09-01T13:07:30","guid":{"rendered":"http:\/\/espromedbio.gob.ve\/?p=3912"},"modified":"2016-09-01T08:37:30","modified_gmt":"2016-09-01T13:07:30","slug":"pueblo-caraqueno-se-concentra-en-plaza-venezuela-a-favor-de-la-paz","status":"publish","type":"post","link":"https:\/\/www.espromedbio.gob.ve\/inicio\/pueblo-caraqueno-se-concentra-en-plaza-venezuela-a-favor-de-la-paz\/","title":{"rendered":"Pueblo caraque\u00f1o se concentra en Plaza Venezuela a favor de la paz"},"content":{"rendered":"<p style=\"text-align: justify;\"><strong>Caracas, 01 Sep. Cortes\u00eda AVN.-<\/strong> El pueblo caraque\u00f1o se concentr\u00f3 a primeras horas de este jueves 1\u00b0 de septiembre en la Plaza Venezuela de la ciudad capital, en donde particip\u00f3 de una vigilia musical en favor de la paz y en defensa de la Revoluci\u00f3n Bolivariana.<!--more--><\/p>\n<p style=\"text-align: justify;\">En la actividad fue encendida la palabra PAZ en el Parque Nacional Waraira Repano, como s\u00edmbolo para rechazar las pretensiones imperialistas de la derecha que planean, con acciones golpistas, socavar la tranquilidad del pa\u00eds y dar al traste con el proyecto bolivariano.<\/p>\n<p style=\"text-align: justify;\">El letrero contiene 600 bombillos tipo led y mide 37 metros de altura.<\/p>\n<p style=\"text-align: justify;\">En el encendido estuvieron presentes el vicepresidente Ejecutivo, Arist\u00f3bulo Is\u00fariz; el diputado y primer vicepresidente del Partido Socialista Unido de Venezuela, Diosdado Cabello; la ministra para Asuntos de la Mujer, Gladys Requena; el ministro para Energ\u00eda El\u00e9ctrica, Luis Motta Dominguez, el ministro para la Vivienda Manuel Quevedo; los diputados revolucionarios Dar\u00edo Vivas y Pedro Carre\u00f1o; as\u00ed como el jefe de Gobierno del Distrito Capital, Daniel Aponte, entre otros dirigentes revolucionarios.<\/p>\n<p style=\"text-align: justify;\">Isturiz indic\u00f3 que \u00abestamos ante un inminente golpe de Estado, la tarea nuestra es derrotar el golpe de Estado para poder conquistar la paz y garantizar la paz y garantizar la continuidad de nuestro trabajo en funci\u00f3n de la Revoluci\u00f3n Bolivariana, por eso este encendido es el compromiso que asumimos todos de echar todo el septiembre mantenernos alertas y en las calles para garantizar la paz\u00bb.<\/p>\n<p style=\"text-align: justify;\">En este sentido, Cabello expres\u00f3, en transmisi\u00f3n de VTV, que los patriotas \u00abvamos a luchar por la paz; nosotros vamos a trabajar por la paz, no caigamos en las provocaciones de ellos (la derecha)\u00bb.<\/p>\n<p style=\"text-align: justify;\">A\u00f1adi\u00f3 que los sectores de la derecha \u00abconvocaron en horario de aula de clases de ocho a dos y ojal\u00e1 que cumplan ese horario y entiendan que Nicol\u00e1s Maduro es presidente (&#8230;) le decimos Nicol\u00e1s no se va, le decimos que Nicol\u00e1s seguir\u00e1 siendo presidente\u00bb.<\/p>\n<p style=\"text-align: justify;\">Por su parte, Quevedo anunci\u00f3 que este jueves el Gobierno Nacional har\u00e1 entrega de viviendas en el estado Yaracuy, como parte de la meta de otorgar 500 mil nuevos techos a igual n\u00famero de familias s\u00f3lo en 2016.<\/p>\n<p style=\"text-align: justify;\">Esta actividad se realiza horas antes de la concentraci\u00f3n en la avenida Bol\u00edvar de Caracas, en donde los revolucionarios ratificar\u00e1n su compromiso con la continuidad de las pol\u00edticas socioecon\u00f3micas del Gobierno Nacional, que ha descendido la pobreza extrema de 10% en 1998 a 4,4% en 2016, entre otros logros.<\/p>\n","protected":false},"excerpt":{"rendered":"<p>Caracas, 01 Sep. Cortes\u00eda AVN.- El pueblo caraque\u00f1o se concentr\u00f3 a primeras horas de este jueves 1\u00b0 de septiembre en la Plaza Venezuela de la ciudad capital, en donde particip\u00f3 de una vigilia musical en favor de la paz y en defensa de la Revoluci\u00f3n Bolivariana.<\/p>\n","protected":false},"author":3,"featured_media":3913,"comment_status":"closed","ping_status":"closed","sticky":false,"template":"","format":"standard","meta":[],"categories":[21,2],"tags":[106,51],"_links":{"self":[{"href":"https:\/\/www.espromedbio.gob.ve\/inicio\/wp-json\/wp\/v2\/posts\/3912"}],"collection":[{"href":"https:\/\/www.espromedbio.gob.ve\/inicio\/wp-json\/wp\/v2\/posts"}],"about":[{"href":"https:\/\/www.espromedbio.gob.ve\/inicio\/wp-json\/wp\/v2\/types\/post"}],"author":[{"embeddable":true,"href":"https:\/\/www.espromedbio.gob.ve\/inicio\/wp-json\/wp\/v2\/users\/3"}],"replies":[{"embeddable":true,"href":"https:\/\/www.espromedbio.gob.ve\/inicio\/wp-json\/wp\/v2\/comments?post=3912"}],"version-history":[{"count":1,"href":"https:\/\/www.espromedbio.gob.ve\/inicio\/wp-json\/wp\/v2\/posts\/3912\/revisions"}],"predecessor-version":[{"id":3914,"href":"https:\/\/www.espromedbio.gob.ve\/inicio\/wp-json\/wp\/v2\/posts\/3912\/revisions\/3914"}],"wp:featuredmedia":[{"embeddable":true,"href":"https:\/\/www.espromedbio.gob.ve\/inicio\/wp-json\/wp\/v2\/media\/3913"}],"wp:attachment":[{"href":"https:\/\/www.espromedbio.gob.ve\/inicio\/wp-json\/wp\/v2\/media?parent=3912"}],"wp:term":[{"taxonomy":"category","embeddable":true,"href":"https:\/\/www.espromedbio.gob.ve\/inicio\/wp-json\/wp\/v2\/categories?post=3912"},{"taxonomy":"post_tag","embeddable":true,"href":"https:\/\/www.espromedbio.gob.ve\/inicio\/wp-json\/wp\/v2\/tags?post=3912"}],"curies":[{"name":"wp","href":"https:\/\/api.w.org\/{rel}","templated":true}]}}