{"id":3977,"date":"2016-09-08T12:28:50","date_gmt":"2016-09-08T16:58:50","guid":{"rendered":"http:\/\/espromedbio.gob.ve\/?p=3977"},"modified":"2016-09-08T12:30:22","modified_gmt":"2016-09-08T17:00:22","slug":"min-salud-y-pc-atienden-a-comunidades-de-sucre-afectadas-por-lluvias","status":"publish","type":"post","link":"https:\/\/www.espromedbio.gob.ve\/inicio\/min-salud-y-pc-atienden-a-comunidades-de-sucre-afectadas-por-lluvias\/","title":{"rendered":"Min- Salud y PC atienden a comunidades de Sucre afectadas por lluvias"},"content":{"rendered":"<div class=\"item-page\">\n<div>\n<p style=\"text-align: justify;\"><strong>Cuman\u00e1, 08.09.16 (Cortes\u00eda AVN).<\/strong>&#8211; Con el objetivo de activar el programa 100 % cobertura de la Misi\u00f3n Barrio Adentro y ofrecer respaldo en la asistencia a las familias afectadas por las lluvias en el estado Sucre, este mi\u00e9rcoles arribaron a Cuman\u00e1 la ministra para la Salud, Luisana Melo, y el director Nacional de Protecci\u00f3n Civil, Noel M\u00e1rquez.<\/p>\n<\/div>\n<\/div>\n<p style=\"text-align: justify;\"><!--more--><\/p>\n<p style=\"text-align: justify;\">En su agenda de trabajo, la ministra para la Salud tiene previsto sostener un encuentro con el Estado Mayor en Salud de la entidad en el museo Gran Mariscal de Ayacucho, Cuman\u00e1, para fortalecer el Sistema P\u00fablico de Salud en el estado, tal como lo anunciara el presidente de la Rep\u00fablica, Nicol\u00e1s Maduro, este martes en cadena nacional.<\/p>\n<p style=\"text-align: justify;\">Por su parte, el director nacional de Protecci\u00f3n Civil recorrer\u00e1, junto a autoridades estadales, comunidades afectadas por las fuertes lluvias ca\u00eddas en Sucre este lunes y que dejaron varias viviendas anegadas en los municipios Sucre, Montes y Bol\u00edvar.<\/p>\n<p>&nbsp;<\/p>\n","protected":false},"excerpt":{"rendered":"<p>Cuman\u00e1, 08.09.16 (Cortes\u00eda AVN).&#8211; Con el objetivo de activar el programa 100 % cobertura de la Misi\u00f3n Barrio Adentro y ofrecer respaldo en la asistencia a las familias afectadas por las lluvias en el estado Sucre, este mi\u00e9rcoles arribaron a Cuman\u00e1 la ministra para la Salud, Luisana Melo, y el director Nacional de Protecci\u00f3n Civil, [&hellip;]<\/p>\n","protected":false},"author":3,"featured_media":3978,"comment_status":"closed","ping_status":"closed","sticky":false,"template":"","format":"standard","meta":[],"categories":[21,2],"tags":[83,97],"_links":{"self":[{"href":"https:\/\/www.espromedbio.gob.ve\/inicio\/wp-json\/wp\/v2\/posts\/3977"}],"collection":[{"href":"https:\/\/www.espromedbio.gob.ve\/inicio\/wp-json\/wp\/v2\/posts"}],"about":[{"href":"https:\/\/www.espromedbio.gob.ve\/inicio\/wp-json\/wp\/v2\/types\/post"}],"author":[{"embeddable":true,"href":"https:\/\/www.espromedbio.gob.ve\/inicio\/wp-json\/wp\/v2\/users\/3"}],"replies":[{"embeddable":true,"href":"https:\/\/www.espromedbio.gob.ve\/inicio\/wp-json\/wp\/v2\/comments?post=3977"}],"version-history":[{"count":3,"href":"https:\/\/www.espromedbio.gob.ve\/inicio\/wp-json\/wp\/v2\/posts\/3977\/revisions"}],"predecessor-version":[{"id":3981,"href":"https:\/\/www.espromedbio.gob.ve\/inicio\/wp-json\/wp\/v2\/posts\/3977\/revisions\/3981"}],"wp:featuredmedia":[{"embeddable":true,"href":"https:\/\/www.espromedbio.gob.ve\/inicio\/wp-json\/wp\/v2\/media\/3978"}],"wp:attachment":[{"href":"https:\/\/www.espromedbio.gob.ve\/inicio\/wp-json\/wp\/v2\/media?parent=3977"}],"wp:term":[{"taxonomy":"category","embeddable":true,"href":"https:\/\/www.espromedbio.gob.ve\/inicio\/wp-json\/wp\/v2\/categories?post=3977"},{"taxonomy":"post_tag","embeddable":true,"href":"https:\/\/www.espromedbio.gob.ve\/inicio\/wp-json\/wp\/v2\/tags?post=3977"}],"curies":[{"name":"wp","href":"https:\/\/api.w.org\/{rel}","templated":true}]}}