{"id":4060,"date":"2016-09-14T15:57:08","date_gmt":"2016-09-14T20:27:08","guid":{"rendered":"http:\/\/espromedbio.gob.ve\/?p=4060"},"modified":"2016-09-14T15:57:08","modified_gmt":"2016-09-14T20:27:08","slug":"gobierno-brinda-100-atencion-a-los-discapacitados-en-situacion-de-cama","status":"publish","type":"post","link":"https:\/\/www.espromedbio.gob.ve\/inicio\/gobierno-brinda-100-atencion-a-los-discapacitados-en-situacion-de-cama\/","title":{"rendered":"Gobierno brinda 100% atenci\u00f3n a los discapacitados en situaci\u00f3n de cama"},"content":{"rendered":"<div>\n<p style=\"text-align: justify;\"><strong>Caracas, 14.09.16 (Cortes\u00eda Prensa DSDC)<\/strong>.- El Ministerio del Poder Popular para la Salud articula las acciones pertinentes para enlazar con los integrantes de las \u00c1reas de Salud Integral Comunitarias (ASIC) y los consultorios populares a fin de llevar 100% atenci\u00f3n primaria a los pacientes encamados, indic\u00f3 Earle Siso, director de Salud del Distrito Capital.<\/p>\n<\/div>\n<p style=\"text-align: justify;\"><!--more--><\/p>\n<div style=\"text-align: justify;\">\n<p>La poblaci\u00f3n con discapacidad se ha venido incrementando en los \u00faltimos a\u00f1os, convirti\u00e9ndose la afecci\u00f3n m\u00fasculo esquel\u00e9tica en la de mayor incidencia, llevando a muchas personas a quedar confinadas a una cama, por lo que las autoridades de salud trabajan para llevarles atenci\u00f3n integral a su hogares.<\/p>\n<\/div>\n<p style=\"text-align: justify;\">La tarea se viene adelantando a trav\u00e9s de la Coordinaci\u00f3n del Programa de Atenci\u00f3n en Salud para las Personas con Discapacidad (PASDIS), que cuenta con personal especializado en los cuatro distritos sanitarios del Distrito Capital, encargados de la calificaci\u00f3n de la discapacidad del ciudadano.<\/p>\n<div style=\"text-align: justify;\">\n<p>Siso destac\u00f3 que la Cobertura 100% en atenci\u00f3n primaria est\u00e1 llegando a las diversas comunidades de Caracas y el resto del pa\u00eds. En esta oportunidad la coordinaci\u00f3n del Pasdis adelanta las estrategias que permitan a las personas encamadas recibir los cuidados necesarios en su casa con la visita del m\u00e9dico facultado para evaluar y calificar la discapacidad.<\/p>\n<\/div>\n<p style=\"text-align: justify;\">Yolanda Longa, coordinadora del Pasdis, enfatiz\u00f3 que se quiere atenci\u00f3n primaria para todas las personas con o sin discapacidad.<\/p>\n<div style=\"text-align: justify;\">\n<p>La tarea es articular y llevar a\u00a0\u00a0los consultorios populares ubicados en el seno de las comunidades de m\u00e1s dif\u00edcil acceso, personal competente para realizar la calificaci\u00f3n de las personas con discapacidad.<\/p>\n<\/div>\n<p style=\"text-align: justify;\">Adem\u00e1s, se tiene previsto\u00a0\u00a0preparar y guiar a los familiares o encargados de atender a las personas encamadas, toda vez que tanto el paciente como su allegado requiere de apoyo emocional y\u00a0psicol\u00f3gico\u00a0al\u00a0igual que formaci\u00f3n para aplicar los cuidados que eviten la aparici\u00f3n de \u00falceras (escaras), una caracter\u00edstica usual en este tipo de pacientes.<\/p>\n<div style=\"text-align: justify;\">\n<p>En materia de calificaci\u00f3n de la discapacidad en las personas que se pueden movilizar por sus propios medios, esta labor se hace en los ambulatorios adscritos a los distritos sanitarios de la DSDC, por parte de un especialista en la materia. En todos estos centros la atenci\u00f3n se dispensa en horario comprendido entre las 8:00\u00a0de la ma\u00f1ana y 4:00\u00a0de la tarde.<\/p>\n<\/div>\n<p style=\"text-align: justify;\">Sobre el proceso de calificaci\u00f3n de la discapacidad, Longa explic\u00f3 que consiste en la evaluaci\u00f3n m\u00e9dica para determinar la condici\u00f3n,\u00a0clase,\u00a0tipo,\u00a0grado y caracter\u00edsticas de la discapacidad.<\/p>\n<p style=\"text-align: justify;\">En tanto que la certificaci\u00f3n de la condici\u00f3n de persona con discapacidad la realiza el Consejo Nacional para Personas con Discapacidad, ente que\u00a0\u00a0reconoce y valida las evaluaciones, informes y certificados de la discapacidad que presente la persona, expedidos por especialistas con competencia espec\u00edfica en el \u00e1rea, y hace la entrega del carnet respectivo que para nada menoscaba o modifica las atribuciones y competencias atribuidas al Sistema de Seguridad Social.\u00a0<strong>Mary Carmen\u00a0 Arias<\/strong><\/p>\n","protected":false},"excerpt":{"rendered":"<p>Caracas, 14.09.16 (Cortes\u00eda Prensa DSDC).- El Ministerio del Poder Popular para la Salud articula las acciones pertinentes para enlazar con los integrantes de las \u00c1reas de Salud Integral Comunitarias (ASIC) y los consultorios populares a fin de llevar 100% atenci\u00f3n primaria a los pacientes encamados, indic\u00f3 Earle Siso, director de Salud del Distrito Capital.<\/p>\n","protected":false},"author":3,"featured_media":4061,"comment_status":"closed","ping_status":"closed","sticky":false,"template":"","format":"standard","meta":[],"categories":[21,2],"tags":[79,60,46,66],"_links":{"self":[{"href":"https:\/\/www.espromedbio.gob.ve\/inicio\/wp-json\/wp\/v2\/posts\/4060"}],"collection":[{"href":"https:\/\/www.espromedbio.gob.ve\/inicio\/wp-json\/wp\/v2\/posts"}],"about":[{"href":"https:\/\/www.espromedbio.gob.ve\/inicio\/wp-json\/wp\/v2\/types\/post"}],"author":[{"embeddable":true,"href":"https:\/\/www.espromedbio.gob.ve\/inicio\/wp-json\/wp\/v2\/users\/3"}],"replies":[{"embeddable":true,"href":"https:\/\/www.espromedbio.gob.ve\/inicio\/wp-json\/wp\/v2\/comments?post=4060"}],"version-history":[{"count":1,"href":"https:\/\/www.espromedbio.gob.ve\/inicio\/wp-json\/wp\/v2\/posts\/4060\/revisions"}],"predecessor-version":[{"id":4062,"href":"https:\/\/www.espromedbio.gob.ve\/inicio\/wp-json\/wp\/v2\/posts\/4060\/revisions\/4062"}],"wp:featuredmedia":[{"embeddable":true,"href":"https:\/\/www.espromedbio.gob.ve\/inicio\/wp-json\/wp\/v2\/media\/4061"}],"wp:attachment":[{"href":"https:\/\/www.espromedbio.gob.ve\/inicio\/wp-json\/wp\/v2\/media?parent=4060"}],"wp:term":[{"taxonomy":"category","embeddable":true,"href":"https:\/\/www.espromedbio.gob.ve\/inicio\/wp-json\/wp\/v2\/categories?post=4060"},{"taxonomy":"post_tag","embeddable":true,"href":"https:\/\/www.espromedbio.gob.ve\/inicio\/wp-json\/wp\/v2\/tags?post=4060"}],"curies":[{"name":"wp","href":"https:\/\/api.w.org\/{rel}","templated":true}]}}