{"id":4103,"date":"2016-09-19T08:55:35","date_gmt":"2016-09-19T13:25:35","guid":{"rendered":"http:\/\/espromedbio.gob.ve\/?p=4103"},"modified":"2016-09-19T08:55:35","modified_gmt":"2016-09-19T13:25:35","slug":"presidente-maduro-es-el-tiempo-de-los-pueblos-del-sur","status":"publish","type":"post","link":"https:\/\/www.espromedbio.gob.ve\/inicio\/presidente-maduro-es-el-tiempo-de-los-pueblos-del-sur\/","title":{"rendered":"Presidente Maduro: Es el tiempo de los pueblos del Sur"},"content":{"rendered":"<p style=\"text-align: justify;\"><strong>Caracas, 18 Sep. Cortes\u00eda AVN.-<\/strong> La XVII Cumbre del Movimiento de Pa\u00edses No Alineados (Mnoal), que se llev\u00f3 a cabo en la Isla de Margarita, Nueva Esparta, sirvi\u00f3 como base para demostrar que en estos momentos, donde se presentan nuevos retos para el mundo, es el tiempo de que surjan los pueblos del sur, indic\u00f3 este domingo el presidente de la Rep\u00fablica, Nicol\u00e1s Maduro.<!--more--><\/p>\n<p style=\"text-align: justify;\">\u00abEs el tiempo de los pueblos del sur y as\u00ed se ha sentido\u00bb, expres\u00f3 el jefe de Estado en el acto de clausura de la cumbre, que reuni\u00f3 durante dos d\u00edas a las 120 delegaciones de este movimiento.<\/p>\n<p style=\"text-align: justify;\">En declaraciones transmitidas por Venezolana de Televisi\u00f3n, el Mandatario Nacional se\u00f1al\u00f3 que el debate realizado por los pa\u00edses miembros permiti\u00f3 fortalecer los principios fundamentales acordados en 1955, basados en el respeto a la independencia, la soberan\u00eda, la autodeterminaci\u00f3n de los pueblos y la promoci\u00f3n de las relaciones de cooperaci\u00f3n bajo la premisa del respeto mutuo.<\/p>\n<p style=\"text-align: justify;\">\u00abEl debate hoy y el transcurso de esta jornada de septiembre ha permitido fortalecer, revitalizar la confianza colectiva que tenemos en el futuro de pa\u00edses no alineados. Se ha sentido un brillo nuevo que permite reforzar la posici\u00f3n com\u00fan de superarnos en calidad y capacidad de influencia para resolver los conflictos de car\u00e1cter mundial para avanzar a un nuevo sistema de naciones unidas\u00bb, enfatiz\u00f3 el Primer Mandatario venezolano, quien el s\u00e1bado asumi\u00f3 de manos del presidente de la Rep\u00fablica Isl\u00e1mica de Ir\u00e1n, Hassan Rohani, la presidencia pro t\u00e9mpore del Mnoal hasta el 2019.<\/p>\n<p style=\"text-align: justify;\"><strong>Lucha por la independencia y la paz<\/strong><\/p>\n<p style=\"text-align: justify;\">El jefe de Estado cestac\u00f3 que la declaraci\u00f3n final de la Cumbre de Margarita recoge la lucha hist\u00f3rica de los pueblos del sur por conquistar la independencia y la paz de sus naciones.<\/p>\n<p style=\"text-align: justify;\">\u00abEs un documento hist\u00f3rico, porque es un documento que re\u00fane las 17 cumbres (anteriores). Aqu\u00ed esta escrita la historia de las luchas de la humanidad de los pueblos de Sur por la independencia, la paz, el derecho a la vida, contra el intervencionismo, la guerras imperialistas, actualizada a las batallas de esta \u00e9poca hist\u00f3rica, a la lucha por la paz y contra el terrorismo, a la lucha por la solidaridad, a la lucha por el derecho a la autodeterminaci\u00f3n\u00bb, expres\u00f3.<\/p>\n<p style=\"text-align: justify;\">El documento \u2013 que contempla 21 puntos fundamentales para acelerar los procesos de refundaci\u00f3n en el seno de la Organizaci\u00f3n de las Naciones Unidas (ONU)\u2014 plantea la necesidad de ampliar los sistemas de direcci\u00f3n de la ONU hacia los pueblos de Am\u00e9rica y avanzar en los planes de trabajo c\u00f3nsonos con la Agenda 2030 de esta organizaci\u00f3n, que tiene entre sus ejes centrales la paz y la erradicaci\u00f3n de la pobreza como factores inherentes al desarrollo sostenible.<\/p>\n<p style=\"text-align: justify;\">El jefe de Estado manifest\u00f3 que con la transformaci\u00f3n del Sistema de las Naciones Unidas se podr\u00e1 construir un mundo que atienda las necesidades de los pueblos, y no los intereses de las potencias extranjeras.<\/p>\n<p style=\"text-align: justify;\">\u00abQueremos un sistema de Naciones Unidas m\u00e1s equilibrada a favor de la paz y no de lobbies que buscan la intervenci\u00f3n\u00bb, recalc\u00f3 Maduro al tiempo que agradeci\u00f3 los esfuerzos realizados por la delegaciones que participaron en la cumbre, para fijar posiciones sobre los nuevos retos y desaf\u00edos que existen en el mundo &#8211; tales como el terrorismo, la lucha por preservar la paz, entre otros &#8211; con el fin de \u00abavanzar hacia una cumbre hist\u00f3rica\u00bb.<\/p>\n<p style=\"text-align: justify;\">El l\u00edder socialista reafirm\u00f3 su compromiso para coordinar la agenda del Mnoal, a fin de avanzar en los principios fundacionales, enmarcada en la paz mundial, la estabilidad, la prosperidad, el bienestar de los pueblos y la erradicaci\u00f3n de la pobreza.<\/p>\n<p style=\"text-align: justify;\">\u00abCada una de las intervenciones han sido transmitidas, porque nosotros creemos profundamente en la creaci\u00f3n de la cultura de paz, de una nueva cultura pol\u00edtica y de la conciencia de un pueblo, la cual es el arma m\u00e1s poderosas que hay contra tantas campa\u00f1as en contra de Venezuela ante el mundo\u00bb, subray\u00f3.<\/p>\n<p style=\"text-align: justify;\"><strong>Legado de Ch\u00e1vez<\/strong><\/p>\n<p style=\"text-align: justify;\">Durante su alocuci\u00f3n, el presidente record\u00f3 que los 5 grandes objetivos establecidos en el Plan de la Patria, creado por el comandante Hugo Ch\u00e1vez en 2013, han sido fundamentales para el desarrollo de esta cumbre.<\/p>\n<p style=\"text-align: justify;\">\u00abHoy podemos decir que este pensamiento, que esta doctrina, esta fuerza espiritual ha guiado nuestros esfuerzos y podemos decirle al esp\u00edritu inmortal de nuestro comandante (Hugo) Ch\u00e1vez, tu legado est\u00e1 vivo, misi\u00f3n cumplida\u00bb, manifest\u00f3 el Jefe de Estado.<\/p>\n<p style=\"text-align: justify;\">En el cap\u00edtulo 4 del Plan Patria plantea lo siguiente \u00abContribuir al desarrollo de una nueva geopol\u00edtica internacional en la cual tome cuerpo el mundo multic\u00e9ntrico y pluripolar, que permita lograr el equilibrio del universo y garantizar la paz en el planeta\u00bb.<\/p>\n<p style=\"text-align: justify;\">El mandatario venezolano se\u00f1al\u00f3 que la realizaci\u00f3n de la XVII Cumbre del Mnoal, constituye una victoria de la diplomacia de paz, impulsada por la Revoluci\u00f3n Bolivariana, desde hace 17 a\u00f1os.<\/p>\n<p style=\"text-align: justify;\">\u00abEsta cumbre ha sido un \u00e9xito total, una victoria de la diplomacia bolivariana de paz. Hoy ha empezado un verdadera refundaci\u00f3n del Mnoal\u00bb, manifest\u00f3 el presidente Maduro al tiempo que rechaz\u00f3 las campa\u00f1as desestabilizadoras y medi\u00e1ticas, emprendidas por la derecha venezolana, para opacar los logros alcanzados en este encuentro.<\/p>\n<p style=\"text-align: justify;\">En este sentido, el Presidente inform\u00f3 que la pr\u00f3xima Cumbre del Mnoal se realizar\u00e1 en Azerbaiy\u00e1n, localizado entre Asia Occidental y Europa Oriental.<\/p>\n","protected":false},"excerpt":{"rendered":"<p>Caracas, 18 Sep. Cortes\u00eda AVN.- La XVII Cumbre del Movimiento de Pa\u00edses No Alineados (Mnoal), que se llev\u00f3 a cabo en la Isla de Margarita, Nueva Esparta, sirvi\u00f3 como base para demostrar que en estos momentos, donde se presentan nuevos retos para el mundo, es el tiempo de que surjan los pueblos del sur, indic\u00f3 [&hellip;]<\/p>\n","protected":false},"author":3,"featured_media":4106,"comment_status":"closed","ping_status":"closed","sticky":false,"template":"","format":"standard","meta":[],"categories":[21,2],"tags":[23,128,28],"_links":{"self":[{"href":"https:\/\/www.espromedbio.gob.ve\/inicio\/wp-json\/wp\/v2\/posts\/4103"}],"collection":[{"href":"https:\/\/www.espromedbio.gob.ve\/inicio\/wp-json\/wp\/v2\/posts"}],"about":[{"href":"https:\/\/www.espromedbio.gob.ve\/inicio\/wp-json\/wp\/v2\/types\/post"}],"author":[{"embeddable":true,"href":"https:\/\/www.espromedbio.gob.ve\/inicio\/wp-json\/wp\/v2\/users\/3"}],"replies":[{"embeddable":true,"href":"https:\/\/www.espromedbio.gob.ve\/inicio\/wp-json\/wp\/v2\/comments?post=4103"}],"version-history":[{"count":1,"href":"https:\/\/www.espromedbio.gob.ve\/inicio\/wp-json\/wp\/v2\/posts\/4103\/revisions"}],"predecessor-version":[{"id":4107,"href":"https:\/\/www.espromedbio.gob.ve\/inicio\/wp-json\/wp\/v2\/posts\/4103\/revisions\/4107"}],"wp:featuredmedia":[{"embeddable":true,"href":"https:\/\/www.espromedbio.gob.ve\/inicio\/wp-json\/wp\/v2\/media\/4106"}],"wp:attachment":[{"href":"https:\/\/www.espromedbio.gob.ve\/inicio\/wp-json\/wp\/v2\/media?parent=4103"}],"wp:term":[{"taxonomy":"category","embeddable":true,"href":"https:\/\/www.espromedbio.gob.ve\/inicio\/wp-json\/wp\/v2\/categories?post=4103"},{"taxonomy":"post_tag","embeddable":true,"href":"https:\/\/www.espromedbio.gob.ve\/inicio\/wp-json\/wp\/v2\/tags?post=4103"}],"curies":[{"name":"wp","href":"https:\/\/api.w.org\/{rel}","templated":true}]}}