{"id":4254,"date":"2016-10-03T15:19:34","date_gmt":"2016-10-03T19:49:34","guid":{"rendered":"http:\/\/espromedbio.gob.ve\/?p=4254"},"modified":"2016-10-03T15:25:46","modified_gmt":"2016-10-03T19:55:46","slug":"jefe-de-estado-bolivar-comenzo-a-materializar-la-patria-grande-en-colombia-hace-195-anos","status":"publish","type":"post","link":"https:\/\/www.espromedbio.gob.ve\/inicio\/jefe-de-estado-bolivar-comenzo-a-materializar-la-patria-grande-en-colombia-hace-195-anos\/","title":{"rendered":"Jefe de Estado: Bol\u00edvar comenz\u00f3 a materializar la Patria grande en Colombia hace 195 a\u00f1os"},"content":{"rendered":"<p style=\"text-align: justify;\"><strong>Caracas, 03 de octubre de 2016. Cortes\u00eda VTV.- \u201c<\/strong>Hoy conmemoramos el 195\u00ba aniversario de la juramentaci\u00f3n del Libertador Sim\u00f3n Bol\u00edvar como Presidente de la Rep\u00fablica de Colombia, la naciente Gran Colombia\u201d, expuso este lunes en su red social Facebook el \u00a0jefe de Estado venezolano, Nicol\u00e1s Maduro.<!--more--><\/p>\n<p style=\"text-align: justify;\">Agreg\u00f3: Aquel 3 de octubre de 1821, se comenzaba a materializar la Patria grande y unida, que fue liberada con su espada del yugo espa\u00f1ol.<\/p>\n<p style=\"text-align: justify;\">\u201cHoy seguimos levantando la bandera de unidad e integraci\u00f3n que el padre de la Patria llev\u00f3 por estas tierras junto con la independencia, para hacernos fuertes, libres y soberanos\u201d, destac\u00f3.<\/p>\n<div class=\"text_exposed_show\">\n<p style=\"text-align: justify;\">\u00a1Qu\u00e9 viva Bol\u00edvar!<\/p>\n<\/div>\n","protected":false},"excerpt":{"rendered":"<p>Caracas, 03 de octubre de 2016. Cortes\u00eda VTV.- \u201cHoy conmemoramos el 195\u00ba aniversario de la juramentaci\u00f3n del Libertador Sim\u00f3n Bol\u00edvar como Presidente de la Rep\u00fablica de Colombia, la naciente Gran Colombia\u201d, expuso este lunes en su red social Facebook el \u00a0jefe de Estado venezolano, Nicol\u00e1s Maduro.<\/p>\n","protected":false},"author":3,"featured_media":4258,"comment_status":"closed","ping_status":"closed","sticky":false,"template":"","format":"standard","meta":[],"categories":[21,2],"tags":[74,72],"_links":{"self":[{"href":"https:\/\/www.espromedbio.gob.ve\/inicio\/wp-json\/wp\/v2\/posts\/4254"}],"collection":[{"href":"https:\/\/www.espromedbio.gob.ve\/inicio\/wp-json\/wp\/v2\/posts"}],"about":[{"href":"https:\/\/www.espromedbio.gob.ve\/inicio\/wp-json\/wp\/v2\/types\/post"}],"author":[{"embeddable":true,"href":"https:\/\/www.espromedbio.gob.ve\/inicio\/wp-json\/wp\/v2\/users\/3"}],"replies":[{"embeddable":true,"href":"https:\/\/www.espromedbio.gob.ve\/inicio\/wp-json\/wp\/v2\/comments?post=4254"}],"version-history":[{"count":1,"href":"https:\/\/www.espromedbio.gob.ve\/inicio\/wp-json\/wp\/v2\/posts\/4254\/revisions"}],"predecessor-version":[{"id":4256,"href":"https:\/\/www.espromedbio.gob.ve\/inicio\/wp-json\/wp\/v2\/posts\/4254\/revisions\/4256"}],"wp:featuredmedia":[{"embeddable":true,"href":"https:\/\/www.espromedbio.gob.ve\/inicio\/wp-json\/wp\/v2\/media\/4258"}],"wp:attachment":[{"href":"https:\/\/www.espromedbio.gob.ve\/inicio\/wp-json\/wp\/v2\/media?parent=4254"}],"wp:term":[{"taxonomy":"category","embeddable":true,"href":"https:\/\/www.espromedbio.gob.ve\/inicio\/wp-json\/wp\/v2\/categories?post=4254"},{"taxonomy":"post_tag","embeddable":true,"href":"https:\/\/www.espromedbio.gob.ve\/inicio\/wp-json\/wp\/v2\/tags?post=4254"}],"curies":[{"name":"wp","href":"https:\/\/api.w.org\/{rel}","templated":true}]}}