{"id":4303,"date":"2016-10-07T10:52:49","date_gmt":"2016-10-07T15:22:49","guid":{"rendered":"http:\/\/espromedbio.gob.ve\/?p=4303"},"modified":"2016-10-07T10:52:49","modified_gmt":"2016-10-07T15:22:49","slug":"7-o-revolucionarios-celebran-cuatro-anos-de-la-victoria-perfecta","status":"publish","type":"post","link":"https:\/\/www.espromedbio.gob.ve\/inicio\/7-o-revolucionarios-celebran-cuatro-anos-de-la-victoria-perfecta\/","title":{"rendered":"7-O: Revolucionarios celebran cuatro a\u00f1os de la Victoria Perfecta"},"content":{"rendered":"<p class=\"rtejustify\" style=\"text-align: justify;\"><strong>Caracas, 07.10.16 (Cortes\u00eda YVKE).-<\/strong> Hace cuatro a\u00f1os, el 7 de octubre de 2012, el adalid de la Revoluci\u00f3n Bolivariana,\u00a0<strong>Hugo Rafael Ch\u00e1vez Fr\u00edas<\/strong>, obten\u00eda\u00a0su tercera y \u00faltima reelecci\u00f3n presidencial. Tras conocerse los resultados oficiales de los comicios que lo daban ganador de la contienda electoral con el 55,07% de los votos, el comandante bautiz\u00f3 el triunfo como la <strong>Victoria Perfecta.<\/strong><!--more--><\/p>\n<p class=\"rtejustify\" style=\"text-align: justify;\">Ese domingo 8 millones 191.132 personas inscritos en el sistema electoral manifestaron su voluntad de dar continuidad al proyecto socialista. <strong>Ch\u00e1vez<\/strong> obtuvo el triunfo con 55,1 %, representado en 1,6 millones de votos de diferencia sobre el 44,27 % que obtuvo el candidato de la derecha, <strong>Henrique Capriles.<\/strong><\/p>\n<p class=\"rtejustify\" style=\"text-align: justify;\">De esa forma los venezolanos respaldaron las pol\u00edticas implementadas por el comandante Ch\u00e1vez desde su ascenso al poder en 1999, fundamentadas en la refundaci\u00f3n de un pa\u00eds que ven\u00eda de padecer la desigualdad, la falta de equidad en oportunidades de estudio, el derecho a la salud y a una vida digna.<\/p>\n<p class=\"rtejustify\" style=\"text-align: justify;\">Ese 7-O se repetir\u00eda lo sucedido en las pasadas 16 elecciones en las que midi\u00f3 su fuerza pol\u00edtica el Comandante Invicto; el pueblo chavista sali\u00f3 a las urnas y demostr\u00f3 su decisi\u00f3n de seguir apoyando la transformaci\u00f3n de la Patria.<\/p>\n<p class=\"rtejustify\" style=\"text-align: justify;\"><strong>Venezuela<\/strong> decidir\u00eda sobre dos propuestas diametralmente antag\u00f3nicas; por un lado la soberan\u00eda de la Patria y la continuidad de inclusi\u00f3n social de las grandes mayor\u00edas y por la otra la entrega y el sometimiento de la naci\u00f3n a intereses for\u00e1neos.<\/p>\n<p class=\"rtejustify\" style=\"text-align: justify;\">Gan\u00f3 <strong>Ch\u00e1vez<\/strong> y su opci\u00f3n de seguir profundizando en los cambios estructurales del pa\u00eds para el periodo 2013-2019, bajo la gu\u00eda del <strong>Plan de la Patria,<\/strong> concebido por el l\u00edder de la Revoluci\u00f3n.<a href=\"http:\/\/espromedbio.gob.ve\/wp-content\/uploads\/2016\/10\/HugO-Ch\u00e1vez-Balc\u00f3n-del-Pueblo.jpg\"><img loading=\"lazy\" class=\"wp-image-4305 size-medium alignright\" src=\"http:\/\/espromedbio.gob.ve\/wp-content\/uploads\/2016\/10\/HugO-Ch\u00e1vez-Balc\u00f3n-del-Pueblo-300x199.jpg\" alt=\"HugO-Ch\u00e1vez-Balc\u00f3n-del-Pueblo\" width=\"300\" height=\"199\" srcset=\"https:\/\/www.espromedbio.gob.ve\/wp-content\/uploads\/2016\/10\/HugO-Ch\u00e1vez-Balc\u00f3n-del-Pueblo-300x199.jpg 300w, https:\/\/www.espromedbio.gob.ve\/wp-content\/uploads\/2016\/10\/HugO-Ch\u00e1vez-Balc\u00f3n-del-Pueblo.jpg 540w\" sizes=\"(max-width: 300px) 100vw, 300px\" \/><\/a><\/p>\n<p class=\"rtejustify\" style=\"text-align: justify;\">Desde el Balc\u00f3n del Pueblo, en el Palacio de Miraflores, el presidente reelecto se dirigi\u00f3 a los chavistas que se apostaron para expresar el j\u00fabilo por la victoria n\u00famero 17.<\/p>\n<p class=\"rtejustify\" style=\"text-align: justify;\">\u00abLo m\u00e1s grande que ha ocurrido hoy es que hemos logrado el primer gran Objetivo Hist\u00f3rico del Plan de Gobierno de Ch\u00e1vez para el 2013-2019, que no es otro que el haber conservado el bien m\u00e1s preciado que hemos conquistado despu\u00e9s de 500 a\u00f1os de lucha: la<strong> independencia naciona<\/strong>l\u00bb, manifest\u00f3.<\/p>\n<p class=\"rtejustify\" style=\"text-align: justify;\">Afirm\u00f3 el Jefe de Estado reelecto que \u201cel Socialismo lleg\u00f3 para vencer y para seguir venciendo y no habr\u00e1 fuerza imperial, por m\u00e1s grande que sea, y hoy lo hemos demostrado, que pueda con el pueblo de Sim\u00f3n Bol\u00edvar \u00a1Viva la independencia!\u00bb, celebraba el l\u00edder socialista.<\/p>\n<p class=\"rtejustify\" style=\"text-align: justify;\">Ante la entusiasta multitud, Ch\u00e1vez reafirmaba que<strong> la independencia es la puerta abierta que permitir\u00e1 conquistar todos los dem\u00e1s bienes para la Patria<\/strong>. \u00abPues bien, aqu\u00ed estamos, hoy 7 de octubre pasaron muchas cosas en Venezuela, una victoria del pueblo en todas las l\u00edneas de batalla, la batalla perfecta y la victoria perfecta\u00bb, expres\u00f3.<\/p>\n","protected":false},"excerpt":{"rendered":"<p>Caracas, 07.10.16 (Cortes\u00eda YVKE).- Hace cuatro a\u00f1os, el 7 de octubre de 2012, el adalid de la Revoluci\u00f3n Bolivariana,\u00a0Hugo Rafael Ch\u00e1vez Fr\u00edas, obten\u00eda\u00a0su tercera y \u00faltima reelecci\u00f3n presidencial. Tras conocerse los resultados oficiales de los comicios que lo daban ganador de la contienda electoral con el 55,07% de los votos, el comandante bautiz\u00f3 el triunfo [&hellip;]<\/p>\n","protected":false},"author":3,"featured_media":4304,"comment_status":"closed","ping_status":"closed","sticky":false,"template":"","format":"standard","meta":[],"categories":[21,2],"tags":[54],"_links":{"self":[{"href":"https:\/\/www.espromedbio.gob.ve\/inicio\/wp-json\/wp\/v2\/posts\/4303"}],"collection":[{"href":"https:\/\/www.espromedbio.gob.ve\/inicio\/wp-json\/wp\/v2\/posts"}],"about":[{"href":"https:\/\/www.espromedbio.gob.ve\/inicio\/wp-json\/wp\/v2\/types\/post"}],"author":[{"embeddable":true,"href":"https:\/\/www.espromedbio.gob.ve\/inicio\/wp-json\/wp\/v2\/users\/3"}],"replies":[{"embeddable":true,"href":"https:\/\/www.espromedbio.gob.ve\/inicio\/wp-json\/wp\/v2\/comments?post=4303"}],"version-history":[{"count":1,"href":"https:\/\/www.espromedbio.gob.ve\/inicio\/wp-json\/wp\/v2\/posts\/4303\/revisions"}],"predecessor-version":[{"id":4306,"href":"https:\/\/www.espromedbio.gob.ve\/inicio\/wp-json\/wp\/v2\/posts\/4303\/revisions\/4306"}],"wp:featuredmedia":[{"embeddable":true,"href":"https:\/\/www.espromedbio.gob.ve\/inicio\/wp-json\/wp\/v2\/media\/4304"}],"wp:attachment":[{"href":"https:\/\/www.espromedbio.gob.ve\/inicio\/wp-json\/wp\/v2\/media?parent=4303"}],"wp:term":[{"taxonomy":"category","embeddable":true,"href":"https:\/\/www.espromedbio.gob.ve\/inicio\/wp-json\/wp\/v2\/categories?post=4303"},{"taxonomy":"post_tag","embeddable":true,"href":"https:\/\/www.espromedbio.gob.ve\/inicio\/wp-json\/wp\/v2\/tags?post=4303"}],"curies":[{"name":"wp","href":"https:\/\/api.w.org\/{rel}","templated":true}]}}