{"id":4308,"date":"2016-10-07T14:59:35","date_gmt":"2016-10-07T19:29:35","guid":{"rendered":"http:\/\/espromedbio.gob.ve\/?p=4308"},"modified":"2016-10-07T15:06:21","modified_gmt":"2016-10-07T19:36:21","slug":"4308-2","status":"publish","type":"post","link":"https:\/\/www.espromedbio.gob.ve\/inicio\/4308-2\/","title":{"rendered":"08 de Octubre D\u00eda del M\u00e9dico Integral Comunitario"},"content":{"rendered":"<p style=\"text-align: center;\">A los profesionales de la medicina social<\/p>\n<p style=\"text-align: justify;\"><strong>\u201c<em>En honor a ese Che que vive en ustedes, m\u00e9dicos del Pueblo y de la Revoluci\u00f3n, soldados de la vida y el amor<\/em>\u201d <\/strong>fueron las palabras con que el Comandante Eterno, Hugo Ch\u00e1vez Fr\u00edas, decret\u00f3 el 08 de octubre de 2009 como D\u00eda del M\u00e9dico Integral Comunitario para hacer honor a las y los profesionales de Ciencia y conciencia, humanistas, consagrados a la salud del pueblo venezolano; y honrar la memoria de quien inspir\u00f3 la medicina con visi\u00f3n social, preventiva y equitativa a trav\u00e9s de su ejemplo revolucionario: Ernesto \u201cChe\u201d Guevara.<\/p>\n<p style=\"text-align: justify;\">ESPROMED BIO, C.A. felicita a todas y todos los profesionales de la Medicina Integral Comunitaria.<\/p>\n","protected":false},"excerpt":{"rendered":"<p>A los profesionales de la medicina social \u201cEn honor a ese Che que vive en ustedes, m\u00e9dicos del Pueblo y de la Revoluci\u00f3n, soldados de la vida y el amor\u201d fueron las palabras con que el Comandante Eterno, Hugo Ch\u00e1vez Fr\u00edas, decret\u00f3 el 08 de octubre de 2009 como D\u00eda del M\u00e9dico Integral Comunitario para [&hellip;]<\/p>\n","protected":false},"author":3,"featured_media":4309,"comment_status":"closed","ping_status":"closed","sticky":false,"template":"","format":"standard","meta":[],"categories":[2],"tags":[66],"_links":{"self":[{"href":"https:\/\/www.espromedbio.gob.ve\/inicio\/wp-json\/wp\/v2\/posts\/4308"}],"collection":[{"href":"https:\/\/www.espromedbio.gob.ve\/inicio\/wp-json\/wp\/v2\/posts"}],"about":[{"href":"https:\/\/www.espromedbio.gob.ve\/inicio\/wp-json\/wp\/v2\/types\/post"}],"author":[{"embeddable":true,"href":"https:\/\/www.espromedbio.gob.ve\/inicio\/wp-json\/wp\/v2\/users\/3"}],"replies":[{"embeddable":true,"href":"https:\/\/www.espromedbio.gob.ve\/inicio\/wp-json\/wp\/v2\/comments?post=4308"}],"version-history":[{"count":5,"href":"https:\/\/www.espromedbio.gob.ve\/inicio\/wp-json\/wp\/v2\/posts\/4308\/revisions"}],"predecessor-version":[{"id":4314,"href":"https:\/\/www.espromedbio.gob.ve\/inicio\/wp-json\/wp\/v2\/posts\/4308\/revisions\/4314"}],"wp:featuredmedia":[{"embeddable":true,"href":"https:\/\/www.espromedbio.gob.ve\/inicio\/wp-json\/wp\/v2\/media\/4309"}],"wp:attachment":[{"href":"https:\/\/www.espromedbio.gob.ve\/inicio\/wp-json\/wp\/v2\/media?parent=4308"}],"wp:term":[{"taxonomy":"category","embeddable":true,"href":"https:\/\/www.espromedbio.gob.ve\/inicio\/wp-json\/wp\/v2\/categories?post=4308"},{"taxonomy":"post_tag","embeddable":true,"href":"https:\/\/www.espromedbio.gob.ve\/inicio\/wp-json\/wp\/v2\/tags?post=4308"}],"curies":[{"name":"wp","href":"https:\/\/api.w.org\/{rel}","templated":true}]}}