{"id":4320,"date":"2016-10-10T12:29:35","date_gmt":"2016-10-10T16:59:35","guid":{"rendered":"http:\/\/espromedbio.gob.ve\/?p=4320"},"modified":"2016-10-10T12:29:35","modified_gmt":"2016-10-10T16:59:35","slug":"mas-de-5-mil-medicos-se-incorporan-al-plan-barrio-adentro-100-cobertura","status":"publish","type":"post","link":"https:\/\/www.espromedbio.gob.ve\/inicio\/mas-de-5-mil-medicos-se-incorporan-al-plan-barrio-adentro-100-cobertura\/","title":{"rendered":"M\u00e1s de 5 mil m\u00e9dicos se incorporan al Plan Barrio Adentro 100% Cobertura"},"content":{"rendered":"<p style=\"text-align: justify;\"><strong>Caracas, 08.10.16 (Cortes\u00eda Prensa MPPS).-<\/strong> Un total de 5 mil 016\u00a0M\u00e9dicos Integrales Comunitarios (MIC), que se\u00a0graduaron este s\u00e1bado como especialistas de Medicina General Integral (MGI), ser\u00e1n incorporados al Plan Barrio Adentro 100% Cobertura.<!--more--><\/p>\n<div style=\"text-align: justify;\">\n<p>As\u00ed lo inform\u00f3 el Presidente de la Rep\u00fablica, Nicol\u00e1s Maduro Moros, durante el acto de graduaci\u00f3n que se llev\u00f3 a cabo en el Poliedro de Caracas, donde invit\u00f3 a los graduandos a seguir estudiando, porque son los vanguardistas de los especialistas en la salud.<\/p>\n<\/div>\n<p style=\"text-align: justify;\">El mandatario nacional se\u00f1al\u00f3 que para finales del mes de junio de 2017 el pa\u00eds\u00a0debe tener una cobertura de 100% de la Misi\u00f3n Barrio Adentro.<\/p>\n<div style=\"text-align: justify;\">\n<p>Maduro tambi\u00e9n anunci\u00f3 que la pr\u00f3xima semana inicia la segunda fase\u00a0de alianza entre 0800-SaludYa junto a Barrio Adentro 100% y los Comit\u00e9 Locales de Abastecimiento y Producci\u00f3n (Clap).<\/p>\n<\/div>\n<p style=\"text-align: justify;\">Por su parte, Luisana Melo, ministra del Poder Popular para la Salud, indic\u00f3 que cada graduando est\u00e1 designado a un Consultorio Popular, donde tienen la responsabilidad de realizar el levantamiento de las necesidades de ese entorno para dar respuestas oportunas.<\/p>\n<div style=\"text-align: justify;\">\n<p><strong>Ayuda humanitaria<\/strong><\/p>\n<\/div>\n<p style=\"text-align: justify;\">Una brigada especial de 200 M\u00e9dicos Generales Integrales ser\u00e1 enviada a Hait\u00ed como parte de la ayuda humanitaria que Venezuela proporciona a esta naci\u00f3n que sufri\u00f3 los estragos del hurac\u00e1n Matthew de categor\u00eda 4, y que ha dejado m\u00e1s de 800 muertos a su paso, manifest\u00f3 Maduro.\u00a0<strong>Dayana Mart\u00ecnez \/ Foto: Leomari Brito<\/strong><\/p>\n<div style=\"text-align: justify;\"><\/div>\n","protected":false},"excerpt":{"rendered":"<p>Caracas, 08.10.16 (Cortes\u00eda Prensa MPPS).- Un total de 5 mil 016\u00a0M\u00e9dicos Integrales Comunitarios (MIC), que se\u00a0graduaron este s\u00e1bado como especialistas de Medicina General Integral (MGI), ser\u00e1n incorporados al Plan Barrio Adentro 100% Cobertura.<\/p>\n","protected":false},"author":3,"featured_media":4321,"comment_status":"closed","ping_status":"closed","sticky":false,"template":"","format":"standard","meta":[],"categories":[21,2],"tags":[83,60,66],"_links":{"self":[{"href":"https:\/\/www.espromedbio.gob.ve\/inicio\/wp-json\/wp\/v2\/posts\/4320"}],"collection":[{"href":"https:\/\/www.espromedbio.gob.ve\/inicio\/wp-json\/wp\/v2\/posts"}],"about":[{"href":"https:\/\/www.espromedbio.gob.ve\/inicio\/wp-json\/wp\/v2\/types\/post"}],"author":[{"embeddable":true,"href":"https:\/\/www.espromedbio.gob.ve\/inicio\/wp-json\/wp\/v2\/users\/3"}],"replies":[{"embeddable":true,"href":"https:\/\/www.espromedbio.gob.ve\/inicio\/wp-json\/wp\/v2\/comments?post=4320"}],"version-history":[{"count":1,"href":"https:\/\/www.espromedbio.gob.ve\/inicio\/wp-json\/wp\/v2\/posts\/4320\/revisions"}],"predecessor-version":[{"id":4322,"href":"https:\/\/www.espromedbio.gob.ve\/inicio\/wp-json\/wp\/v2\/posts\/4320\/revisions\/4322"}],"wp:featuredmedia":[{"embeddable":true,"href":"https:\/\/www.espromedbio.gob.ve\/inicio\/wp-json\/wp\/v2\/media\/4321"}],"wp:attachment":[{"href":"https:\/\/www.espromedbio.gob.ve\/inicio\/wp-json\/wp\/v2\/media?parent=4320"}],"wp:term":[{"taxonomy":"category","embeddable":true,"href":"https:\/\/www.espromedbio.gob.ve\/inicio\/wp-json\/wp\/v2\/categories?post=4320"},{"taxonomy":"post_tag","embeddable":true,"href":"https:\/\/www.espromedbio.gob.ve\/inicio\/wp-json\/wp\/v2\/tags?post=4320"}],"curies":[{"name":"wp","href":"https:\/\/api.w.org\/{rel}","templated":true}]}}