{"id":4399,"date":"2016-10-18T09:00:43","date_gmt":"2016-10-18T13:30:43","guid":{"rendered":"http:\/\/espromedbio.gob.ve\/?p=4399"},"modified":"2016-10-18T09:19:11","modified_gmt":"2016-10-18T13:49:11","slug":"congreso-de-la-patria-conmemorara-este-jueves-los-cuatro-anos-del-golpe-de-timon","status":"publish","type":"post","link":"https:\/\/www.espromedbio.gob.ve\/inicio\/congreso-de-la-patria-conmemorara-este-jueves-los-cuatro-anos-del-golpe-de-timon\/","title":{"rendered":"Congreso de la Patria conmemorar\u00e1 este jueves los cuatro a\u00f1os del Golpe de Tim\u00f3n"},"content":{"rendered":"<div class=\"cuerpo\">\n<div class=\"contenido\">\n<div>\n<p style=\"text-align: justify;\"><strong>Caracas, 17 Oct. Cortes\u00eda AVN.-<\/strong> El dirigente socialista, H\u00e9ctor Rodr\u00edguez, inform\u00f3 que este jueves 20 de octubre que el Congreso de la Patria efectuar\u00e1 un encuentro nacional para celebrar los cuatro a\u00f1os del Golpe de Tim\u00f3n, el discurso del Comandante Hugo Ch\u00e1vez pronunciado el 20 de octubre de 2012 en el que llam\u00f3 al pueblo y a la militancia pol\u00edtica del Psuv a la construcci\u00f3n de una revoluci\u00f3n m\u00e1s s\u00f3lida e irreversible con la participaci\u00f3n del poder popular organizado en comunas.<\/p>\n<\/div>\n<\/div>\n<\/div>\n<p style=\"text-align: justify;\"><!--more--><\/p>\n<p style=\"text-align: justify;\">Previo al Congreso de la Patria, Rodr\u00edguez inform\u00f3 que este martes el pueblo patriota <a href=\"http:\/\/www.avn.info.ve\/contenido\/fuerzas-bolivarianas-marchar%C3%A1n-este-martes-apoyo-al-presupuesto-2017\" target=\"_blank\">se movilizar\u00e1 desde la Plaza Morelos<\/a>, en la avenida M\u00e9xico, hasta la Asamblea Nacional en defensa de la constituci\u00f3n y en respaldo al Presupuesto de la Naci\u00f3n 2017, enviado por el Ejecutivo al Tribunal Supremo de Justicia ante el desacato del Parlamento para cumplir con el ordenamiento jur\u00eddico.<\/p>\n<p style=\"text-align: justify;\">La movilizaci\u00f3n se realizar\u00e1 para exigirle \u00aba la Mesa de la Unidad, a la derecha venezolana, que respete esta constituci\u00f3n a que respete el derecho que tienen los venezolanos a tener pensi\u00f3n, vivienda, que nuestros hijos puedan tener Canaima (computadoras), el respeto al presupuesto 2017 y a la paz del pa\u00eds\u00bb, dijo Rodr\u00edguez en declaraciones transmitidas por Venezolana de Televisi\u00f3n al terminar la reuni\u00f3n semanal de la direcci\u00f3n del Psuv.<\/p>\n<p style=\"text-align: justify;\">Indic\u00f3, adem\u00e1s, que para este mi\u00e9rcoles ser\u00e1n juramentados los equipos municipales del partido en los estados Yaracuy y Amazonas.<\/p>\n<div class=\"contenedor-fecha-hora clearfix\"><\/div>\n","protected":false},"excerpt":{"rendered":"<p>Caracas, 17 Oct. Cortes\u00eda AVN.- El dirigente socialista, H\u00e9ctor Rodr\u00edguez, inform\u00f3 que este jueves 20 de octubre que el Congreso de la Patria efectuar\u00e1 un encuentro nacional para celebrar los cuatro a\u00f1os del Golpe de Tim\u00f3n, el discurso del Comandante Hugo Ch\u00e1vez pronunciado el 20 de octubre de 2012 en el que llam\u00f3 al pueblo [&hellip;]<\/p>\n","protected":false},"author":3,"featured_media":4405,"comment_status":"closed","ping_status":"closed","sticky":false,"template":"","format":"standard","meta":[],"categories":[21,2],"tags":[54,51],"_links":{"self":[{"href":"https:\/\/www.espromedbio.gob.ve\/inicio\/wp-json\/wp\/v2\/posts\/4399"}],"collection":[{"href":"https:\/\/www.espromedbio.gob.ve\/inicio\/wp-json\/wp\/v2\/posts"}],"about":[{"href":"https:\/\/www.espromedbio.gob.ve\/inicio\/wp-json\/wp\/v2\/types\/post"}],"author":[{"embeddable":true,"href":"https:\/\/www.espromedbio.gob.ve\/inicio\/wp-json\/wp\/v2\/users\/3"}],"replies":[{"embeddable":true,"href":"https:\/\/www.espromedbio.gob.ve\/inicio\/wp-json\/wp\/v2\/comments?post=4399"}],"version-history":[{"count":2,"href":"https:\/\/www.espromedbio.gob.ve\/inicio\/wp-json\/wp\/v2\/posts\/4399\/revisions"}],"predecessor-version":[{"id":4406,"href":"https:\/\/www.espromedbio.gob.ve\/inicio\/wp-json\/wp\/v2\/posts\/4399\/revisions\/4406"}],"wp:featuredmedia":[{"embeddable":true,"href":"https:\/\/www.espromedbio.gob.ve\/inicio\/wp-json\/wp\/v2\/media\/4405"}],"wp:attachment":[{"href":"https:\/\/www.espromedbio.gob.ve\/inicio\/wp-json\/wp\/v2\/media?parent=4399"}],"wp:term":[{"taxonomy":"category","embeddable":true,"href":"https:\/\/www.espromedbio.gob.ve\/inicio\/wp-json\/wp\/v2\/categories?post=4399"},{"taxonomy":"post_tag","embeddable":true,"href":"https:\/\/www.espromedbio.gob.ve\/inicio\/wp-json\/wp\/v2\/tags?post=4399"}],"curies":[{"name":"wp","href":"https:\/\/api.w.org\/{rel}","templated":true}]}}