{"id":4410,"date":"2016-10-18T11:35:55","date_gmt":"2016-10-18T16:05:55","guid":{"rendered":"http:\/\/espromedbio.gob.ve\/?p=4410"},"modified":"2016-10-18T11:35:55","modified_gmt":"2016-10-18T16:05:55","slug":"gobierno-bolivariano-trabaja-en-la-disminucion-de-casos-de-ceguera-en-el-pais","status":"publish","type":"post","link":"https:\/\/www.espromedbio.gob.ve\/inicio\/gobierno-bolivariano-trabaja-en-la-disminucion-de-casos-de-ceguera-en-el-pais\/","title":{"rendered":"Gobierno Bolivariano trabaja en la disminuci\u00f3n de casos de ceguera en el pa\u00eds"},"content":{"rendered":"<p style=\"text-align: center;\">Promoviendo estilos de vida saludable<\/p>\n<p style=\"text-align: justify;\"><strong>(Cortes\u00eda Prensa MPPS)<\/strong>.-\u00a0Con la finalidad de difundir pr\u00e1cticas y estilos de vida saludable que protejan el funcionamiento de la vista y permitan disminuir la prevalencia e incidencia de la ceguera, el Gobierno Bolivariano realiz\u00f3 el IV Taller de Salud Visual para capacitar a M\u00e9dicos Integrales Comunitarios (MIC) y M\u00e9dicos Generales Integrales (MGI) del Distrito Capital, Miranda y Vargas.<!--more--><\/p>\n<p style=\"text-align: justify;\">Israel Berm\u00fadez, coordinador del Programa Nacional de Salud Visual del Ministerio del Poder Popular para la Salud (MPPS), indic\u00f3 que a trav\u00e9s del Convenio Cuba-Venezuela se contin\u00faa fortaleciendo los servicios oftalmol\u00f3gicos de la\u00a0\u00a0Misi\u00f3n Milagro, \u00f3pticas populares y el Programa Salud va a la Escuela, promoviendo la evaluaci\u00f3n y atenci\u00f3n oportuna de la poblaci\u00f3n en todo el territorio nacional de manera gratuita.<\/p>\n<p style=\"text-align: justify;\"><strong>Principales causas de ceguera en Venezuela<\/strong><\/p>\n<p style=\"text-align: justify;\">Inform\u00f3 que en nuestro pa\u00eds las principales causas de ceguera son catarata y glaucoma, las cuales est\u00e1n relacionadas con los cambios que se producen a nivel degenerativo y que comienzan a aparecer en los individuos mayores de 50 a\u00f1os. Tal p\u00e9rdida de la visi\u00f3n puede suceder de manera repentina o con el paso del tiempo. Algunos tipos de p\u00e9rdida de la visi\u00f3n nunca llevan a ceguera completa.<\/p>\n<p style=\"text-align: justify;\"><strong>Sintomatolog\u00eda<\/strong><\/p>\n<p style=\"text-align: justify;\">Berm\u00fadez puntualiz\u00f3 que es necesario educar a la poblaci\u00f3n acerca de\u00a0\u00a0las alertas que deben notar con prontitud. Entre ellas las alteraciones que se producen en sus ojos: resequedad, cansancio ocular, lagrimeo constante, nubosidad, alteraciones que no permitan ver con claridad.<\/p>\n<p style=\"text-align: justify;\">Explic\u00f3: \u201cEsto pudiera estar relacionado con las personas que trabajan frente al computador, al terminar la jornada siempre manifiestan cansancio o resequedad en los ojos, que forma parte de una disminuci\u00f3n del parpadeo producto de la concentraci\u00f3n que mantiene frente al computador\u201d. Al respecto, recomend\u00f3 realizar peque\u00f1os periodos de descansos que permitan a las personas poner en reposo la superficie ocular, la cual se reseca.<a href=\"http:\/\/espromedbio.gob.ve\/wp-content\/uploads\/2016\/10\/IMGL1381.jpg\"><img loading=\"lazy\" class=\"wp-image-4412 size-medium alignright\" src=\"http:\/\/espromedbio.gob.ve\/wp-content\/uploads\/2016\/10\/IMGL1381-300x200.jpg\" alt=\"IMGL1381\" width=\"300\" height=\"200\" srcset=\"https:\/\/www.espromedbio.gob.ve\/wp-content\/uploads\/2016\/10\/IMGL1381-300x200.jpg 300w, https:\/\/www.espromedbio.gob.ve\/wp-content\/uploads\/2016\/10\/IMGL1381-272x182.jpg 272w, https:\/\/www.espromedbio.gob.ve\/wp-content\/uploads\/2016\/10\/IMGL1381.jpg 448w\" sizes=\"(max-width: 300px) 100vw, 300px\" \/><\/a><\/p>\n<p style=\"text-align: justify;\"><strong>Asiste al especialista<\/strong><\/p>\n<p style=\"text-align: justify;\">El experto incit\u00f3 a acudir al oftalm\u00f3logo a realizar la evaluaci\u00f3n desde temprana edad, puesto que existen algunas alteraciones como la retinopat\u00eda prematura; a la vez que se\u00f1al\u00f3 que la poblaci\u00f3n de ni\u00f1os prematuros debe evaluarse a tiempo para evitar la ceguera.<\/p>\n<p style=\"text-align: justify;\">Adem\u00e1s, dijo que en la edad escolar deben realizarse peri\u00f3dicamente evaluaciones para prevenir casos de ambliop\u00eda, que es una afectaci\u00f3n que se produce en los ni\u00f1os que tienen alguna desviaci\u00f3n ocular, parpados ca\u00eddos, sin tener una correcci\u00f3n con esta enfermedad el ni\u00f1o puede perder visi\u00f3n. En el caso de los adultos mayores es importante que la evaluaci\u00f3n se realice una vez al a\u00f1o debido a esas enfermedades que se producen por la vejez.<\/p>\n<p style=\"text-align: justify;\"><strong>Riegos que pueden ocasionar da\u00f1os en la vista<\/strong><\/p>\n<p style=\"text-align: justify;\">El principal factor de riesgo es una nutrici\u00f3n inadecuada, la cual no tenga vitaminas A, vegetales de color amarillo como la zanahoria, auyama, mango, son alimentos que tienen rica cantidad de esta vitamina, los cuales deben ser integrados.<\/p>\n<p style=\"text-align: justify;\"><strong>Diferencia entre la ceguera y baja visi\u00f3n<\/strong><\/p>\n<p style=\"text-align: justify;\">El oftalm\u00f3logo explic\u00f3 la diferencia -dependiendo de la agudeza visual-, que se eval\u00faa con la cartilla de Snellen para determinar el grado de\u00a0\u00a0visi\u00f3n.\u00a0Las personas con una visi\u00f3n inferior a 20\/200 con gafas o lentes de contacto se consideran legalmente ciegas. La p\u00e9rdida de la visi\u00f3n que no se puede corregir con gafas o lentes de contacto significa que tiene una visi\u00f3n muy limitada, la ceguera completa es cuando no puede ver\u00a0\u00a0nada, ni siquiera la luz.\u00a0<strong>Annabel Ovalles \/\/Fotos: Edward Pantoja<\/strong><\/p>\n","protected":false},"excerpt":{"rendered":"<p>Promoviendo estilos de vida saludable (Cortes\u00eda Prensa MPPS).-\u00a0Con la finalidad de difundir pr\u00e1cticas y estilos de vida saludable que protejan el funcionamiento de la vista y permitan disminuir la prevalencia e incidencia de la ceguera, el Gobierno Bolivariano realiz\u00f3 el IV Taller de Salud Visual para capacitar a M\u00e9dicos Integrales Comunitarios (MIC) y M\u00e9dicos Generales [&hellip;]<\/p>\n","protected":false},"author":3,"featured_media":4411,"comment_status":"closed","ping_status":"closed","sticky":false,"template":"","format":"standard","meta":[],"categories":[21,2],"tags":[60,66],"_links":{"self":[{"href":"https:\/\/www.espromedbio.gob.ve\/inicio\/wp-json\/wp\/v2\/posts\/4410"}],"collection":[{"href":"https:\/\/www.espromedbio.gob.ve\/inicio\/wp-json\/wp\/v2\/posts"}],"about":[{"href":"https:\/\/www.espromedbio.gob.ve\/inicio\/wp-json\/wp\/v2\/types\/post"}],"author":[{"embeddable":true,"href":"https:\/\/www.espromedbio.gob.ve\/inicio\/wp-json\/wp\/v2\/users\/3"}],"replies":[{"embeddable":true,"href":"https:\/\/www.espromedbio.gob.ve\/inicio\/wp-json\/wp\/v2\/comments?post=4410"}],"version-history":[{"count":1,"href":"https:\/\/www.espromedbio.gob.ve\/inicio\/wp-json\/wp\/v2\/posts\/4410\/revisions"}],"predecessor-version":[{"id":4413,"href":"https:\/\/www.espromedbio.gob.ve\/inicio\/wp-json\/wp\/v2\/posts\/4410\/revisions\/4413"}],"wp:featuredmedia":[{"embeddable":true,"href":"https:\/\/www.espromedbio.gob.ve\/inicio\/wp-json\/wp\/v2\/media\/4411"}],"wp:attachment":[{"href":"https:\/\/www.espromedbio.gob.ve\/inicio\/wp-json\/wp\/v2\/media?parent=4410"}],"wp:term":[{"taxonomy":"category","embeddable":true,"href":"https:\/\/www.espromedbio.gob.ve\/inicio\/wp-json\/wp\/v2\/categories?post=4410"},{"taxonomy":"post_tag","embeddable":true,"href":"https:\/\/www.espromedbio.gob.ve\/inicio\/wp-json\/wp\/v2\/tags?post=4410"}],"curies":[{"name":"wp","href":"https:\/\/api.w.org\/{rel}","templated":true}]}}