{"id":4437,"date":"2016-10-20T12:20:35","date_gmt":"2016-10-20T16:50:35","guid":{"rendered":"http:\/\/espromedbio.gob.ve\/?p=4437"},"modified":"2016-10-20T12:20:35","modified_gmt":"2016-10-20T16:50:35","slug":"promueven-incorporar-arte-y-cultura-al-programa-de-salud-mental","status":"publish","type":"post","link":"https:\/\/www.espromedbio.gob.ve\/inicio\/promueven-incorporar-arte-y-cultura-al-programa-de-salud-mental\/","title":{"rendered":"Promueven incorporar arte y cultura al programa de Salud Mental"},"content":{"rendered":"<p style=\"text-align: center;\">Un nuevo modelo de gesti\u00f3n en salud<\/p>\n<div style=\"text-align: justify;\"><strong>Porlamar, 19.10.2016 (Cortes\u00eda MPPS).-<\/strong>\u00a0Con el fin de reforzar el Programa Salud Mental, a trav\u00e9s de la inclusi\u00f3n de las artes y la cultura, la psic\u00f3loga \u00c1ngela Barrios present\u00f3 esta semana en Porlamar el proyecto que busca contribuir con el fortalecimiento del Sistema P\u00fablico Nacional de Salud.<\/div>\n<p style=\"text-align: justify;\"><!--more--><\/p>\n<div style=\"text-align: justify;\">De acuerdo con lo expresado por Barrios, la intenci\u00f3n es que Nueva Esparta sea estado pionero en la incorporaci\u00f3n \u201cde los poderes creadores y sanadores de las artes y la cultura\u201d, tomando en cuenta que la salud mental es eje transversal de los programas y servicios que lleva a cabo el Ministerio del Poder Popular para la Salud.<\/div>\n<div style=\"text-align: justify;\"><\/div>\n<div style=\"text-align: justify;\">En su ponencia, dej\u00f3 entrever que la actual pol\u00edtica p\u00fablica de salud que adelanta el Gobierno Bolivariano representada por el 100% Cobertura Barrio Adentro, estar\u00eda reforzada con esta propuesta que se apoya en los determinantes sociales y en el buen vivir como modelo de vida.<\/div>\n<div style=\"text-align: justify;\"><\/div>\n<div style=\"text-align: justify;\">Para la tambi\u00e9n docente de la Unearte, la iniciativa busca disminuir la tensi\u00f3n social, la convivencia violenta; impulsar una cultura de paz a trav\u00e9s de redes de cooperaci\u00f3n art\u00edstica y cultural que permitan alcanzar una salud mental como buen vivir.<\/div>\n<div style=\"text-align: justify;\"><\/div>\n<div style=\"text-align: justify;\">En este sentido, propuso la creaci\u00f3n de un comit\u00e9 promotor de arte, cultura y salud, a fin de comenzar a articular los cimientos del proyecto con las actividades que se realizan desde el programa regional de Salud Mental.<\/div>\n<div style=\"text-align: justify;\"><\/div>\n<div style=\"text-align: justify;\">A la actividad, que se desarroll\u00f3 en la sede de la Direcci\u00f3n Regional de Salud, asistieron la autoridad \u00fanica de Salud, Luis Rodr\u00edguez Gamero; Carlos Garc\u00eda y Belkis Landaeta por el Programa Salud Mental, los psiquiatras C\u00e9sar S\u00e1nchez Bello y Alexis V\u00e1squez; Adolfo Golindano, en representaci\u00f3n del Iadecebne (Instituto Aut\u00f3nomo para el Desarrollo Cultural del estado Bolivariano de Nueva Esparta); Cristal Monedero, coordinadora de Investigaci\u00f3n y Docencia; Barbara An\u00e9s, coordinadora de la Red de Atenci\u00f3n Comunal, entre otros.<\/div>\n<div style=\"text-align: justify;\"><\/div>\n<div style=\"text-align: justify;\">\u00c1ngela Barrios indic\u00f3 que con la anuencia de la ministra de Salud, Luisana Melo, promueve lo novedoso de este modelo de gesti\u00f3n en salud que busca resolver la deuda hist\u00f3rica que se tiene con la salud mental, la cual ha sido enquistada en los servicios de psiquiatr\u00eda de los hospitales generales del pa\u00eds.\u00a0<strong>Oscar Jos\u00e9 Antepaz<\/strong><\/div>\n","protected":false},"excerpt":{"rendered":"<p>Un nuevo modelo de gesti\u00f3n en salud Porlamar, 19.10.2016 (Cortes\u00eda MPPS).-\u00a0Con el fin de reforzar el Programa Salud Mental, a trav\u00e9s de la inclusi\u00f3n de las artes y la cultura, la psic\u00f3loga \u00c1ngela Barrios present\u00f3 esta semana en Porlamar el proyecto que busca contribuir con el fortalecimiento del Sistema P\u00fablico Nacional de Salud.<\/p>\n","protected":false},"author":3,"featured_media":4438,"comment_status":"closed","ping_status":"closed","sticky":false,"template":"","format":"standard","meta":[],"categories":[21,2],"tags":[66],"_links":{"self":[{"href":"https:\/\/www.espromedbio.gob.ve\/inicio\/wp-json\/wp\/v2\/posts\/4437"}],"collection":[{"href":"https:\/\/www.espromedbio.gob.ve\/inicio\/wp-json\/wp\/v2\/posts"}],"about":[{"href":"https:\/\/www.espromedbio.gob.ve\/inicio\/wp-json\/wp\/v2\/types\/post"}],"author":[{"embeddable":true,"href":"https:\/\/www.espromedbio.gob.ve\/inicio\/wp-json\/wp\/v2\/users\/3"}],"replies":[{"embeddable":true,"href":"https:\/\/www.espromedbio.gob.ve\/inicio\/wp-json\/wp\/v2\/comments?post=4437"}],"version-history":[{"count":1,"href":"https:\/\/www.espromedbio.gob.ve\/inicio\/wp-json\/wp\/v2\/posts\/4437\/revisions"}],"predecessor-version":[{"id":4439,"href":"https:\/\/www.espromedbio.gob.ve\/inicio\/wp-json\/wp\/v2\/posts\/4437\/revisions\/4439"}],"wp:featuredmedia":[{"embeddable":true,"href":"https:\/\/www.espromedbio.gob.ve\/inicio\/wp-json\/wp\/v2\/media\/4438"}],"wp:attachment":[{"href":"https:\/\/www.espromedbio.gob.ve\/inicio\/wp-json\/wp\/v2\/media?parent=4437"}],"wp:term":[{"taxonomy":"category","embeddable":true,"href":"https:\/\/www.espromedbio.gob.ve\/inicio\/wp-json\/wp\/v2\/categories?post=4437"},{"taxonomy":"post_tag","embeddable":true,"href":"https:\/\/www.espromedbio.gob.ve\/inicio\/wp-json\/wp\/v2\/tags?post=4437"}],"curies":[{"name":"wp","href":"https:\/\/api.w.org\/{rel}","templated":true}]}}