{"id":4440,"date":"2016-10-20T14:30:53","date_gmt":"2016-10-20T19:00:53","guid":{"rendered":"http:\/\/espromedbio.gob.ve\/?p=4440"},"modified":"2016-10-20T14:30:53","modified_gmt":"2016-10-20T19:00:53","slug":"el-proceso-de-reconocimiento-y-dignificacion-de-los-pueblos-indigenas-nacio-en-revolucion","status":"publish","type":"post","link":"https:\/\/www.espromedbio.gob.ve\/inicio\/el-proceso-de-reconocimiento-y-dignificacion-de-los-pueblos-indigenas-nacio-en-revolucion\/","title":{"rendered":"El proceso de reconocimiento y dignificaci\u00f3n de los pueblos ind\u00edgenas naci\u00f3 en Revoluci\u00f3n"},"content":{"rendered":"<p style=\"text-align: justify;\"><strong>Caracas, 20.10.16 (Cortes\u00eda Correo del Orinoco).-<\/strong> El reconocimiento, la dignificaci\u00f3n y la visibilizaci\u00f3n de las comunidades ind\u00edgenas naci\u00f3 de la preocupaci\u00f3n de su extinci\u00f3n, del olvido, de la omisi\u00f3n de nuestros or\u00edgenes. Las pol\u00edticas p\u00fablicas dirigidas a los pueblos ancestrales surgen con la Revoluci\u00f3n Bolivariana.<!--more--><\/p>\n<p style=\"text-align: justify;\">As\u00ed lo destac\u00f3 el vicepresidente Ejecutivo de la Rep\u00fablica Bolivariana de Venezuela, Arist\u00f3bulo Ist\u00fariz, durante su participaci\u00f3n en la Primera Cumbre de Pueblos Ind\u00edgenas del Mercado Com\u00fan del Sur (Mercosur), desarrollada en Caracas, este jueves.<\/p>\n<p style=\"text-align: justify;\">Ist\u00fariz record\u00f3 que los cambios en el marco legal venezolano iniciaron con la llegada de la Revoluci\u00f3n Bolivariana impulsada por Hugo Ch\u00e1vez, l\u00edder del proceso de cambio en Venezuela.<\/p>\n<p style=\"text-align: justify;\">\u201cFue con Ch\u00e1vez que comenzamos a visibilizar a nuestros pueblos ind\u00edgenas (\u2026) debemos ser defensores con rabia y con fuerza de la diversidad, nuestros or\u00edgenes, reconocer a los pueblos ind\u00edgenas como son, sin querer transformarlos\u201d, dijo.<\/p>\n<p style=\"text-align: justify;\">Con la Constituci\u00f3n de la Rep\u00fablica Bolivariana de Venezuela (1999), comenz\u00f3 el proceso de reconocimiento de los pueblos ind\u00edgenas en el pa\u00eds, su cultura, costumbres, idioma, espacios geogr\u00e1ficos; adem\u00e1s de darle participaci\u00f3n activa y protag\u00f3nica en los cambios originados en la Naci\u00f3n.<\/p>\n<p style=\"text-align: justify;\">Sostuvo que la preservaci\u00f3n de la cultura de los pueblos ind\u00edgenas debe ser baluarte y bandera de los procesos de cambio. Inst\u00f3 a dejar a un lado las pr\u00e1cticas de dominaci\u00f3n cultural y olvido.<\/p>\n<p style=\"text-align: justify;\">El vicepresidente Ejecutivo record\u00f3 los ataques de los cuales fue blanco la revoluci\u00f3n al defender los derechos de los pueblos ind\u00edgenas, al reconocer sus tierras, las que siempre han sido sus tierras, \u201cllevar a Guaicaipuro al Pante\u00f3n Nacional fue el hecho que marc\u00f3 la incorporaci\u00f3n de los ind\u00edgenas a nuestra historia\u201d, dijo.<\/p>\n<p style=\"text-align: justify;\">Finalmente inst\u00f3 a no olvidar las ra\u00edces ind\u00edgenas, de d\u00f3nde venimos como pueblo soberano y a garantizar la inclusi\u00f3n de los pueblos originarios de las naciones que conforman el Mercosur en las pol\u00edticas p\u00fablicas y de cambio.\u00a0<strong>T\/CO \/\u00a0F\/ViceSocial<\/strong><\/p>\n","protected":false},"excerpt":{"rendered":"<p>Caracas, 20.10.16 (Cortes\u00eda Correo del Orinoco).- El reconocimiento, la dignificaci\u00f3n y la visibilizaci\u00f3n de las comunidades ind\u00edgenas naci\u00f3 de la preocupaci\u00f3n de su extinci\u00f3n, del olvido, de la omisi\u00f3n de nuestros or\u00edgenes. Las pol\u00edticas p\u00fablicas dirigidas a los pueblos ancestrales surgen con la Revoluci\u00f3n Bolivariana.<\/p>\n","protected":false},"author":3,"featured_media":4441,"comment_status":"closed","ping_status":"closed","sticky":false,"template":"","format":"standard","meta":[],"categories":[21,2],"tags":[106,39],"_links":{"self":[{"href":"https:\/\/www.espromedbio.gob.ve\/inicio\/wp-json\/wp\/v2\/posts\/4440"}],"collection":[{"href":"https:\/\/www.espromedbio.gob.ve\/inicio\/wp-json\/wp\/v2\/posts"}],"about":[{"href":"https:\/\/www.espromedbio.gob.ve\/inicio\/wp-json\/wp\/v2\/types\/post"}],"author":[{"embeddable":true,"href":"https:\/\/www.espromedbio.gob.ve\/inicio\/wp-json\/wp\/v2\/users\/3"}],"replies":[{"embeddable":true,"href":"https:\/\/www.espromedbio.gob.ve\/inicio\/wp-json\/wp\/v2\/comments?post=4440"}],"version-history":[{"count":1,"href":"https:\/\/www.espromedbio.gob.ve\/inicio\/wp-json\/wp\/v2\/posts\/4440\/revisions"}],"predecessor-version":[{"id":4442,"href":"https:\/\/www.espromedbio.gob.ve\/inicio\/wp-json\/wp\/v2\/posts\/4440\/revisions\/4442"}],"wp:featuredmedia":[{"embeddable":true,"href":"https:\/\/www.espromedbio.gob.ve\/inicio\/wp-json\/wp\/v2\/media\/4441"}],"wp:attachment":[{"href":"https:\/\/www.espromedbio.gob.ve\/inicio\/wp-json\/wp\/v2\/media?parent=4440"}],"wp:term":[{"taxonomy":"category","embeddable":true,"href":"https:\/\/www.espromedbio.gob.ve\/inicio\/wp-json\/wp\/v2\/categories?post=4440"},{"taxonomy":"post_tag","embeddable":true,"href":"https:\/\/www.espromedbio.gob.ve\/inicio\/wp-json\/wp\/v2\/tags?post=4440"}],"curies":[{"name":"wp","href":"https:\/\/api.w.org\/{rel}","templated":true}]}}