{"id":4444,"date":"2016-10-21T13:55:50","date_gmt":"2016-10-21T18:25:50","guid":{"rendered":"http:\/\/espromedbio.gob.ve\/?p=4444"},"modified":"2016-10-21T13:55:50","modified_gmt":"2016-10-21T18:25:50","slug":"parroquia-caricuao-reestrena-la-sala-de-rehabilitacion-integral-22-de-marzo","status":"publish","type":"post","link":"https:\/\/www.espromedbio.gob.ve\/inicio\/parroquia-caricuao-reestrena-la-sala-de-rehabilitacion-integral-22-de-marzo\/","title":{"rendered":"Parroquia Caricuao reestrena la Sala de Rehabilitaci\u00f3n Integral 22 de Marzo"},"content":{"rendered":"<p style=\"text-align: justify;\"><strong>Caracas, 21 Oct. Cortes\u00eda AVN.-<\/strong> La Sala de Rehabilitaci\u00f3n Integral (SRI) 22 de Marzo fue reinaugurada este viernes en la parroquia Caricuao, Caracas, obra para la cual se ejecut\u00f3 una inversi\u00f3n de 43 millones 606 mil bol\u00edvares.<!--more--><\/p>\n<p style=\"text-align: justify;\">En contacto con Venezolana de Televisi\u00f3n, el jefe de Gobierno del Distrito Capital, Daniel Aponte, hizo el corte de cinta del renovado espacio en compa\u00f1\u00eda de habitantes del sector, del consejo comunal Mucuritas, de la comuna Lanceros de la victoria, movimientos sociales, junto al equipo pol\u00edtico de la parroquia, entre otros.<\/p>\n<p style=\"text-align: justify;\">Apunt\u00f3 que esta obra forma parte del plan Caracas Bella y de las l\u00edneas del nuevo impulso que est\u00e1 ejecutando el Gobierno Nacional al programa Barrio Adentro 100 % para brindar atenci\u00f3n medica integral de calidad en todos los rincones del pa\u00eds.<\/p>\n<p style=\"text-align: justify;\">Las SRI forma parte de los\u00a0servicios que ofrece Barrio Adentro II,\u00a0donde se aplica la medicina f\u00edsica y rehabilitaci\u00f3n, que es la especialidad m\u00e9dica encargada de brindar asistencia rehabilitadora a las personas con deficiencias y discapacidades motoras, de la comunicaci\u00f3n, psicoeducacionales, viscerales, deformantes, generalizadas, locales y otras, con el objetivo final de restaurar las potencialidades perdidas como consecuencia de alguna lesi\u00f3n o problema cong\u00e9nito.<\/p>\n<p style=\"text-align: justify;\">El pa\u00eds cuenta con m\u00e1s de 10.000 m\u00f3dulos de atenci\u00f3n primaria, 594 centros de\u00a0diagn\u00f3stico\u00a0integral (CDI) y 596 SRI.<\/p>\n<p style=\"text-align: justify;\">El presidente de la Rep\u00fablica, Nicol\u00e1s Maduro, ha girado instrucciones al Gabinete Ejecutivo, as\u00ed como a los integrantes de los comit\u00e9s de salud del pa\u00eds a acentuar el trabajo, en la uni\u00f3n con el pueblo, para fortalecer el sistema de de atenci\u00f3n de calidad, ante las pretensiones de la derecha de socavar con esta conquista social.<\/p>\n","protected":false},"excerpt":{"rendered":"<p>Caracas, 21 Oct. Cortes\u00eda AVN.- La Sala de Rehabilitaci\u00f3n Integral (SRI) 22 de Marzo fue reinaugurada este viernes en la parroquia Caricuao, Caracas, obra para la cual se ejecut\u00f3 una inversi\u00f3n de 43 millones 606 mil bol\u00edvares.<\/p>\n","protected":false},"author":3,"featured_media":4445,"comment_status":"closed","ping_status":"closed","sticky":false,"template":"","format":"standard","meta":[],"categories":[21,2],"tags":[83,66],"_links":{"self":[{"href":"https:\/\/www.espromedbio.gob.ve\/inicio\/wp-json\/wp\/v2\/posts\/4444"}],"collection":[{"href":"https:\/\/www.espromedbio.gob.ve\/inicio\/wp-json\/wp\/v2\/posts"}],"about":[{"href":"https:\/\/www.espromedbio.gob.ve\/inicio\/wp-json\/wp\/v2\/types\/post"}],"author":[{"embeddable":true,"href":"https:\/\/www.espromedbio.gob.ve\/inicio\/wp-json\/wp\/v2\/users\/3"}],"replies":[{"embeddable":true,"href":"https:\/\/www.espromedbio.gob.ve\/inicio\/wp-json\/wp\/v2\/comments?post=4444"}],"version-history":[{"count":1,"href":"https:\/\/www.espromedbio.gob.ve\/inicio\/wp-json\/wp\/v2\/posts\/4444\/revisions"}],"predecessor-version":[{"id":4446,"href":"https:\/\/www.espromedbio.gob.ve\/inicio\/wp-json\/wp\/v2\/posts\/4444\/revisions\/4446"}],"wp:featuredmedia":[{"embeddable":true,"href":"https:\/\/www.espromedbio.gob.ve\/inicio\/wp-json\/wp\/v2\/media\/4445"}],"wp:attachment":[{"href":"https:\/\/www.espromedbio.gob.ve\/inicio\/wp-json\/wp\/v2\/media?parent=4444"}],"wp:term":[{"taxonomy":"category","embeddable":true,"href":"https:\/\/www.espromedbio.gob.ve\/inicio\/wp-json\/wp\/v2\/categories?post=4444"},{"taxonomy":"post_tag","embeddable":true,"href":"https:\/\/www.espromedbio.gob.ve\/inicio\/wp-json\/wp\/v2\/tags?post=4444"}],"curies":[{"name":"wp","href":"https:\/\/api.w.org\/{rel}","templated":true}]}}