{"id":4461,"date":"2016-10-24T09:16:24","date_gmt":"2016-10-24T13:46:24","guid":{"rendered":"http:\/\/espromedbio.gob.ve\/?p=4461"},"modified":"2016-10-24T09:16:24","modified_gmt":"2016-10-24T13:46:24","slug":"inicia-actividades-la-unidad-de-terapias-alternativas-para-pacientes-con-cancer","status":"publish","type":"post","link":"https:\/\/www.espromedbio.gob.ve\/inicio\/inicia-actividades-la-unidad-de-terapias-alternativas-para-pacientes-con-cancer\/","title":{"rendered":"Inicia actividades la Unidad de Terapias Alternativas para pacientes con C\u00e1ncer"},"content":{"rendered":"<p style=\"text-align: justify;\"><strong>Guanare, 21.10.2016 (Prensa MPPS\/DES Portuguesa)<\/strong>.- Este viernes 21 de octubre se dio inicio a las actividades de la Unidad de Terapias Alternativas y Medicina Complementaria ubicada en el Hospital Miguel Ora\u00e1 de Guanare, especialmente dirigida al acompa\u00f1amiento de pacientes con c\u00e1ncer (CA) y sus familiares, durante las distintas fases de tratamiento.<!--more--><\/p>\n<div style=\"text-align: justify;\">Nuris de Manzione, directora de Salud Colectiva en la Direcci\u00f3n Estadal de Salud de Portuguesa y promotora de la creaci\u00f3n de esta unidad de terapia saludable, explic\u00f3 que los terapistas parten del hecho de que quienes realizan el tr\u00e1nsito por la experiencia de padecer c\u00e1ncer necesitan apoyo emocional.<\/div>\n<div style=\"text-align: justify;\"><\/div>\n<div style=\"text-align: justify;\">Aclar\u00f3 que esta es una iniciativa liderada por el equipo adscrito al Servicio de Oncolog\u00eda del hospital guanare\u00f1o, quienes son apoyados por algunas organizaciones no gubernamentales en esta noble tarea, la de apoyar el proceso de tratamiento de quienes son diagnosticados con la terrible enfermedad.<\/div>\n<div style=\"text-align: justify;\"><\/div>\n<div style=\"text-align: justify;\">Los espacios de la Estancia Sor Juana In\u00e9s de la Cruz servir\u00e1n para que profesionales de la salud, preparados adem\u00e1s en terapias alternativas de curaci\u00f3n, hagan acompa\u00f1amiento a los pacientes que reciben medicina convencional con quimioterapia, radioterapia y braquiterapia, dijo.<\/div>\n<div style=\"text-align: justify;\"><\/div>\n<div style=\"text-align: justify;\">Expres\u00f3: \u201cHay mucho que podemos hacer que no depende exclusivamente de lo financiero, y de all\u00ed parte esta idea que hoy es una realidad. Desde alimentarse sanamente hasta aprender a respirar y calmar el \u00e1nimo, hay una serie de factores que coadyuvan a que el tratamiento m\u00e9dico sea exitoso\u201d.<\/div>\n<div style=\"text-align: justify;\"><\/div>\n<div style=\"text-align: justify;\"><strong>Testimonios de vida<\/strong><\/div>\n<div>\n<div style=\"text-align: justify;\">Sobrevivientes al c\u00e1ncer, principalmente de mama, se suman a este cometido como voluntarios y colaboradores de los profesionales de la salud que ofrecer\u00e1n formaci\u00f3n en yoga, tai-chi, meditaci\u00f3n y nutrici\u00f3n alternativa.<\/div>\n<div style=\"text-align: justify;\"><\/div>\n<div style=\"text-align: justify;\">Una de estas sobrevivientes es Carmen de Gonz\u00e1lez, una guanare\u00f1a quien hace 14 a\u00f1os fue diagnosticada con un CA de mama y actualmente goza de una excelente salud.<\/div>\n<div style=\"text-align: justify;\"><\/div>\n<div style=\"text-align: justify;\">A los presentes dio su testimonio: \u201cLa primera reacci\u00f3n que se tiene como paciente es de p\u00e1nico, y en esta unidad buscaremos estar all\u00ed, para decir que s\u00ed se puede superar la enfermedad\u201d.<\/div>\n<div style=\"text-align: justify;\"><\/div>\n<div style=\"text-align: justify;\">Esta Unidad de Terapias Alternativas y Medicina Complementaria abierta en Guanare forma parte del esfuerzo de las autoridades sanitarias del estado Portuguesa, quienes de la mano del recientemente fallecido Antonio Brito (quien fuera Autoridad \u00danica de Salud) iniciaron un proyecto macro que considera al paciente con c\u00e1ncer de forma integral.<\/div>\n<div style=\"text-align: justify;\"><\/div>\n<div style=\"text-align: justify;\">En la entidad llanera no s\u00f3lo se trabaja por consolidar la dotaci\u00f3n de equipos e insumos para el tratamiento de los pacientes oncol\u00f3gicos, sino que tambi\u00e9n se apuesta por el apoyo ps\u00edquico-emocional del individuo y su familia con el objetivo de alcanzar un \u00f3ptimo nivel de sobrevida.\u00a0<strong>Juana In\u00e9s Molina \/ Prensa DES Portuguesa<\/strong><\/div>\n<\/div>\n<div><\/div>\n","protected":false},"excerpt":{"rendered":"<p>Guanare, 21.10.2016 (Prensa MPPS\/DES Portuguesa).- Este viernes 21 de octubre se dio inicio a las actividades de la Unidad de Terapias Alternativas y Medicina Complementaria ubicada en el Hospital Miguel Ora\u00e1 de Guanare, especialmente dirigida al acompa\u00f1amiento de pacientes con c\u00e1ncer (CA) y sus familiares, durante las distintas fases de tratamiento.<\/p>\n","protected":false},"author":3,"featured_media":4462,"comment_status":"closed","ping_status":"closed","sticky":false,"template":"","format":"standard","meta":[],"categories":[21,2],"tags":[17],"_links":{"self":[{"href":"https:\/\/www.espromedbio.gob.ve\/inicio\/wp-json\/wp\/v2\/posts\/4461"}],"collection":[{"href":"https:\/\/www.espromedbio.gob.ve\/inicio\/wp-json\/wp\/v2\/posts"}],"about":[{"href":"https:\/\/www.espromedbio.gob.ve\/inicio\/wp-json\/wp\/v2\/types\/post"}],"author":[{"embeddable":true,"href":"https:\/\/www.espromedbio.gob.ve\/inicio\/wp-json\/wp\/v2\/users\/3"}],"replies":[{"embeddable":true,"href":"https:\/\/www.espromedbio.gob.ve\/inicio\/wp-json\/wp\/v2\/comments?post=4461"}],"version-history":[{"count":1,"href":"https:\/\/www.espromedbio.gob.ve\/inicio\/wp-json\/wp\/v2\/posts\/4461\/revisions"}],"predecessor-version":[{"id":4463,"href":"https:\/\/www.espromedbio.gob.ve\/inicio\/wp-json\/wp\/v2\/posts\/4461\/revisions\/4463"}],"wp:featuredmedia":[{"embeddable":true,"href":"https:\/\/www.espromedbio.gob.ve\/inicio\/wp-json\/wp\/v2\/media\/4462"}],"wp:attachment":[{"href":"https:\/\/www.espromedbio.gob.ve\/inicio\/wp-json\/wp\/v2\/media?parent=4461"}],"wp:term":[{"taxonomy":"category","embeddable":true,"href":"https:\/\/www.espromedbio.gob.ve\/inicio\/wp-json\/wp\/v2\/categories?post=4461"},{"taxonomy":"post_tag","embeddable":true,"href":"https:\/\/www.espromedbio.gob.ve\/inicio\/wp-json\/wp\/v2\/tags?post=4461"}],"curies":[{"name":"wp","href":"https:\/\/api.w.org\/{rel}","templated":true}]}}