{"id":4476,"date":"2016-10-26T08:55:39","date_gmt":"2016-10-26T13:25:39","guid":{"rendered":"http:\/\/espromedbio.gob.ve\/?p=4476"},"modified":"2016-10-26T08:55:39","modified_gmt":"2016-10-26T13:25:39","slug":"la-constitucion-y-la-promocion-del-dialogo-son-clave-para-la-defensa-de-la-democracia","status":"publish","type":"post","link":"https:\/\/www.espromedbio.gob.ve\/inicio\/la-constitucion-y-la-promocion-del-dialogo-son-clave-para-la-defensa-de-la-democracia\/","title":{"rendered":"La Constituci\u00f3n y la promoci\u00f3n del di\u00e1logo son clave para la defensa de la democracia"},"content":{"rendered":"<p style=\"text-align: justify;\"><strong>Caracas, 25 Oct. Cortes\u00eda AVN.-<\/strong> El estricto apego a las normas y principios establecidos en la Constituci\u00f3n Bolivariana de Venezuela y el establecimiento del di\u00e1logo para dirimir las diferencias y encauzar las pugnas pol\u00edticas son las \u00fanicas v\u00edas para la defensa de la democracia en la Rep\u00fablica.<!--more--><\/p>\n<p style=\"text-align: justify;\">As\u00ed lo sostuvo este martes el presidente de la Rep\u00fablica, Nicol\u00e1s Maduro, al tiempo que se\u00f1al\u00f3 que es por ello que el Gobierno y el pueblo venezolano reafirman su compromiso en ese sentido.<\/p>\n<p style=\"text-align: justify;\">Desde el Palacio Presidencial de Miraflores, en Caracas, \u2014a donde lleg\u00f3 el pueblo tras emprender una marcha como manifestaci\u00f3n de defensa a la Carta Magna y en repudio a los nuevos planes golpistas de sectores de la derecha\u2014 el Jefe de Estado venezolano reiter\u00f3 su llamado al di\u00e1logo.<\/p>\n<p style=\"text-align: justify;\">Asimismo, llam\u00f3 a los sectores de oposici\u00f3n a asumir con valent\u00eda y plena libertad los ciclos de di\u00e1logos entre el Gobierno y la oposici\u00f3n, y que comenzar\u00e1 con una reuni\u00f3n exploratoria a desarrollarse el\u00a0pr\u00f3ximo 30 de octubre en la isla de Margarita, estado Nueva Esparta, y en la que se espera establecer una agenda en aras de consolidar la paz en el pa\u00eds.<\/p>\n<p style=\"text-align: justify;\">\u00abPara nosotros el di\u00e1logo no tiene alternativa\u00bb, insisti\u00f3 el Mandatario nacional, al tiempo que llam\u00f3 a los sectores que se oponen a su Gobierno a no dejarse chantajear.\u00a0Es la hora de ser valientes y decir &#8216;s\u00ed estamos de acuerdo con el di\u00e1logo y queremos paz'\u00bb, subray\u00f3.<\/p>\n<p style=\"text-align: justify;\"><strong>Consejo de Defensa de la Naci\u00f3n<\/strong><\/p>\n<p style=\"text-align: justify;\">En ese contexto, el Presidente Maduro convoc\u00f3 para este mi\u00e9rcoles 26 de octubre, a las 11:00 de la ma\u00f1ana, un Consejo de Defensa de la Naci\u00f3n a realizarse en el Palacio Presidencial de Miraflores.<\/p>\n<p style=\"text-align: justify;\">De acuerdo con el art\u00edculo 323 de la Constituci\u00f3n, aprobada por el pueblo venezolano en 1999, esta instancia \u00abes el m\u00e1ximo \u00f3rgano de consulta para la planificaci\u00f3n y asesoramiento del Poder P\u00fablico en los asuntos relacionados con la defensa integral de la Naci\u00f3n, su soberan\u00eda y la integridad de su espacio geogr\u00e1fico\u00bb.<\/p>\n<p style=\"text-align: justify;\">En esta oportunidad\u00a0\u2014explic\u00f3 el Mandatario\u2014 se evaluar\u00e1 el golpe de Estado en contra del Gobierno auspiciado por la derecha en el pa\u00eds, y para lo cual se pretende utilizar la Asamblea Nacional (AN), en la que la derecha ostenta la mayor\u00eda desde principio de este a\u00f1o. Tambi\u00e9n se evaluar\u00e1 el plan de di\u00e1logo para la paz que se celebrar\u00e1 este domingo y a la que asistir\u00e1 personalmente el Presidente Maduro.<\/p>\n<p style=\"text-align: justify;\">Para este Consejo extendi\u00f3 la invitaci\u00f3n a todos los Poderes P\u00fablicos y, especialmente, al Legislativo, por lo que hizo un llamado al presidente del Parlamento, Henry Ramos Allup.<\/p>\n<p style=\"text-align: justify;\">Con la Constituci\u00f3n en la mano, el mandatario nacional manifest\u00f3 que activ\u00f3 el art\u00edculo 323 \u00aben defensa de la paz de todos los venezolanos, por el di\u00e1logo nacional y por la convivencia\u00bb.<\/p>\n<p style=\"text-align: justify;\">Adem\u00e1s de todos los presidentes de los Poderes P\u00fablicos, como lo indica la Constituci\u00f3n, estar\u00e1 el vicepresidente ejecutivo y los ministros para la Defensa; Relaciones Interiores, Justicia y Paz; Relaciones Exteriores y para la Planificaci\u00f3n, explic\u00f3 Maduro.<\/p>\n<p style=\"text-align: justify;\">\u00abEn Venezuela no ha habido golpe parlamentario ni vamos a permitir golpe parlamentario de ning\u00fan tipo. Que lo sepa la derecha aqu\u00ed y all\u00e1\u00bb, se\u00f1al\u00f3 el Mandatario nacional en transmisi\u00f3n conjunta de radio y televisi\u00f3n.<\/p>\n<p style=\"text-align: justify;\"><strong>Pueblo movilizado<\/strong><\/p>\n<p style=\"text-align: justify;\">Por otra parte, el Mandatario venezolano exhort\u00f3 al pueblo a mantenerse movilizado en defensa de la patria y para que triunfe la paz en el pa\u00eds, mencion\u00f3 que uno de los espacios para ello es el Gobierno Popular de Calle, que debe ser reforzado como mecanismo de gesti\u00f3n para la b\u00fasqueda de la verdad del pueblo, para la cr\u00edtica y para la autocr\u00edtica.<\/p>\n<p style=\"text-align: justify;\">Indic\u00f3 que el Gobierno Popular de Calle, con el que se inicia una nueva etapa de la Revoluci\u00f3n Bolivariana, debe desarrollarse sobre dos din\u00e1micas: una, centrada en la defensa de la patria ante los planes golpistas de la derecha, y la otra, basada en la rectificaci\u00f3n verdadera y profunda.<\/p>\n<p style=\"text-align: justify;\">En la primera, dijo, la conciencia patriota de pueblo es fundamental porque \u00abes un motor generador de conciencia, de valores. Hoy por hoy son millones de hombres y mujeres que est\u00e1n en las calles todas las semanas defendiendo la Revoluci\u00f3n, su Gobierno\u00bb.<\/p>\n<p style=\"text-align: justify;\">En ese sentido, dijo que adem\u00e1s de la movilizaci\u00f3n efectuada este martes en la capital venezolana, como manifestaci\u00f3n de amor a la patria y en defensa de la Constituci\u00f3n Bolivariana, el resto de la semana el pueblo continuar\u00e1 en las calles.<\/p>\n<p style=\"text-align: justify;\">El pueblo movilizado \u00abes un gran motor generador de conciencia, en la lucha\u00bb, reiter\u00f3 el Jefe de Estado venezolano, al tiempo que explic\u00f3 que el otro punto de la din\u00e1mica es en s\u00ed \u00abel motor del Gobierno de Calle, de las asambleas populares, del movimiento popular, del congreso de la patria de las comunas, de los Clap\u00bb.<\/p>\n<p style=\"text-align: justify;\">\u00abEs el motor del pueblo movi\u00e9ndose. Es revoluci\u00f3n dentro de la Revoluci\u00f3n\u00bb, agreg\u00f3.<\/p>\n","protected":false},"excerpt":{"rendered":"<p>Caracas, 25 Oct. Cortes\u00eda AVN.- El estricto apego a las normas y principios establecidos en la Constituci\u00f3n Bolivariana de Venezuela y el establecimiento del di\u00e1logo para dirimir las diferencias y encauzar las pugnas pol\u00edticas son las \u00fanicas v\u00edas para la defensa de la democracia en la Rep\u00fablica.<\/p>\n","protected":false},"author":3,"featured_media":4477,"comment_status":"closed","ping_status":"closed","sticky":false,"template":"","format":"standard","meta":[],"categories":[21,2],"tags":[51,23,48],"_links":{"self":[{"href":"https:\/\/www.espromedbio.gob.ve\/inicio\/wp-json\/wp\/v2\/posts\/4476"}],"collection":[{"href":"https:\/\/www.espromedbio.gob.ve\/inicio\/wp-json\/wp\/v2\/posts"}],"about":[{"href":"https:\/\/www.espromedbio.gob.ve\/inicio\/wp-json\/wp\/v2\/types\/post"}],"author":[{"embeddable":true,"href":"https:\/\/www.espromedbio.gob.ve\/inicio\/wp-json\/wp\/v2\/users\/3"}],"replies":[{"embeddable":true,"href":"https:\/\/www.espromedbio.gob.ve\/inicio\/wp-json\/wp\/v2\/comments?post=4476"}],"version-history":[{"count":1,"href":"https:\/\/www.espromedbio.gob.ve\/inicio\/wp-json\/wp\/v2\/posts\/4476\/revisions"}],"predecessor-version":[{"id":4478,"href":"https:\/\/www.espromedbio.gob.ve\/inicio\/wp-json\/wp\/v2\/posts\/4476\/revisions\/4478"}],"wp:featuredmedia":[{"embeddable":true,"href":"https:\/\/www.espromedbio.gob.ve\/inicio\/wp-json\/wp\/v2\/media\/4477"}],"wp:attachment":[{"href":"https:\/\/www.espromedbio.gob.ve\/inicio\/wp-json\/wp\/v2\/media?parent=4476"}],"wp:term":[{"taxonomy":"category","embeddable":true,"href":"https:\/\/www.espromedbio.gob.ve\/inicio\/wp-json\/wp\/v2\/categories?post=4476"},{"taxonomy":"post_tag","embeddable":true,"href":"https:\/\/www.espromedbio.gob.ve\/inicio\/wp-json\/wp\/v2\/tags?post=4476"}],"curies":[{"name":"wp","href":"https:\/\/api.w.org\/{rel}","templated":true}]}}