{"id":4497,"date":"2016-10-28T09:31:00","date_gmt":"2016-10-28T14:01:00","guid":{"rendered":"http:\/\/espromedbio.gob.ve\/?p=4497"},"modified":"2016-10-28T10:43:09","modified_gmt":"2016-10-28T15:13:09","slug":"ministro-del-trabajo-exhorta-a-la-clase-obrera-a-avanzar-en-construccion-de-nuevo-modelo-economico","status":"publish","type":"post","link":"https:\/\/www.espromedbio.gob.ve\/inicio\/ministro-del-trabajo-exhorta-a-la-clase-obrera-a-avanzar-en-construccion-de-nuevo-modelo-economico\/","title":{"rendered":"Ministro del Trabajo exhorta a la clase obrera a avanzar en construcci\u00f3n de nuevo modelo econ\u00f3mico"},"content":{"rendered":"<p style=\"text-align: justify;\"><strong>Caracas, 27 Oct. Cortes\u00eda AVN.-<\/strong> El ministro del Poder Popular para el Trabajo, Osvaldo Vera, llam\u00f3 este jueves al sector obrero a profundizar en el trabajo, como un derecho de todos los venezolanos, en un ambiente laboral de paz, para continuar en la construcci\u00f3n de un nuevo modelo de econom\u00eda productiva.<!--more--><\/p>\n<p style=\"text-align: justify;\">En un pase informativo de VTV, el ministro exhort\u00f3 a los trabajadores \u00abavanzar en la diversificaci\u00f3n de la econom\u00eda\u00bb, para combatir la guerra econ\u00f3mica que adelanta la derecha nacional en Venezuela.<\/p>\n<p style=\"text-align: justify;\">Ante un llamado a la paralizaci\u00f3n de actividades con fines golpistas, convocatoria hecha por la autodenominada Mesa de la Unidad Democr\u00e1tica (MUD), el ministro enfatiz\u00f3 que el sector obrero es consciente que el pa\u00eds necesita incrementar la productividad.<\/p>\n<p style=\"text-align: justify;\">Dijo que la derecha \u00abse va a conseguir con una pared: que es la clase obrera organizada, consciente del papel que les toca cumplir en este momento de la Revoluci\u00f3n Bolivariana, donde ellos mismos han hecho un llamado a la incorporaci\u00f3n, al trabajo, con un mensaje productivo que es lo que necesita Venezuela\u00bb.<\/p>\n<p style=\"text-align: justify;\">Asimismo, record\u00f3 que 720 comit\u00e9s productivos, en articulaci\u00f3n con la Gran Misi\u00f3n Abastecimiento Soberano, se desplegar\u00e1n en empresas para corroborar la productividad en los centros de trabajo. Adem\u00e1s estar\u00e1 activo el n\u00famero 0800- Trabajo, para reportar alguna incidencia en la que se le impida a alguna persona ejercer su derecho al trabajo. <strong>Foto: Archivo Correo del Orinoco<\/strong><\/p>\n","protected":false},"excerpt":{"rendered":"<p>Caracas, 27 Oct. Cortes\u00eda AVN.- El ministro del Poder Popular para el Trabajo, Osvaldo Vera, llam\u00f3 este jueves al sector obrero a profundizar en el trabajo, como un derecho de todos los venezolanos, en un ambiente laboral de paz, para continuar en la construcci\u00f3n de un nuevo modelo de econom\u00eda productiva.<\/p>\n","protected":false},"author":3,"featured_media":4498,"comment_status":"closed","ping_status":"closed","sticky":false,"template":"","format":"standard","meta":[],"categories":[21,2],"tags":[69,44],"_links":{"self":[{"href":"https:\/\/www.espromedbio.gob.ve\/inicio\/wp-json\/wp\/v2\/posts\/4497"}],"collection":[{"href":"https:\/\/www.espromedbio.gob.ve\/inicio\/wp-json\/wp\/v2\/posts"}],"about":[{"href":"https:\/\/www.espromedbio.gob.ve\/inicio\/wp-json\/wp\/v2\/types\/post"}],"author":[{"embeddable":true,"href":"https:\/\/www.espromedbio.gob.ve\/inicio\/wp-json\/wp\/v2\/users\/3"}],"replies":[{"embeddable":true,"href":"https:\/\/www.espromedbio.gob.ve\/inicio\/wp-json\/wp\/v2\/comments?post=4497"}],"version-history":[{"count":3,"href":"https:\/\/www.espromedbio.gob.ve\/inicio\/wp-json\/wp\/v2\/posts\/4497\/revisions"}],"predecessor-version":[{"id":4501,"href":"https:\/\/www.espromedbio.gob.ve\/inicio\/wp-json\/wp\/v2\/posts\/4497\/revisions\/4501"}],"wp:featuredmedia":[{"embeddable":true,"href":"https:\/\/www.espromedbio.gob.ve\/inicio\/wp-json\/wp\/v2\/media\/4498"}],"wp:attachment":[{"href":"https:\/\/www.espromedbio.gob.ve\/inicio\/wp-json\/wp\/v2\/media?parent=4497"}],"wp:term":[{"taxonomy":"category","embeddable":true,"href":"https:\/\/www.espromedbio.gob.ve\/inicio\/wp-json\/wp\/v2\/categories?post=4497"},{"taxonomy":"post_tag","embeddable":true,"href":"https:\/\/www.espromedbio.gob.ve\/inicio\/wp-json\/wp\/v2\/tags?post=4497"}],"curies":[{"name":"wp","href":"https:\/\/api.w.org\/{rel}","templated":true}]}}