{"id":4514,"date":"2016-10-31T09:44:41","date_gmt":"2016-10-31T14:14:41","guid":{"rendered":"http:\/\/espromedbio.gob.ve\/?p=4514"},"modified":"2016-10-31T09:44:41","modified_gmt":"2016-10-31T14:14:41","slug":"un-dia-como-hoy-nace-el-cantor-del-pueblo-ali-primera","status":"publish","type":"post","link":"https:\/\/www.espromedbio.gob.ve\/inicio\/un-dia-como-hoy-nace-el-cantor-del-pueblo-ali-primera\/","title":{"rendered":"Un d\u00eda como hoy nace el Cantor del Pueblo, Al\u00ed Primera"},"content":{"rendered":"<p style=\"text-align: justify;\"><strong>Caracas 31 de octubre de 2016. Cortes\u00eda VTV.- <\/strong>Hace 75 a\u00f1os naci\u00f3 en la tierra brava de Venezuela, el Cantor del Pueblo, Al\u00ed Primera, poeta y activista pol\u00edtico del Partido Comunista.<!--more--><\/p>\n<p style=\"text-align: justify;\">Su gran amor por la justicia social lo convirti\u00f3 en el basti\u00f3n de la lucha popular venezolana.<\/p>\n<p style=\"text-align: justify;\">Ely Rafael Primera Rosell, conocido como <em><strong>El Grande<\/strong><\/em> Al\u00ed Primera, naci\u00f3 en la ciudad de Coro, estado Falc\u00f3n Coro, el 31 de octubre de 1941.<\/p>\n<p style=\"text-align: justify;\">A los 3 a\u00f1os qued\u00f3 hu\u00e9rfano de padre; a ra\u00edz de la muerte de su progenitor, Al\u00ed acompa\u00f1\u00f3 a su madre y a sus dos hermanos por diferentes pueblos de la pen\u00ednsula de Paraguan\u00e1. Finalmente se residenci\u00f3 en el barrio La Vela, municipio la Taques.<\/p>\n<p style=\"text-align: justify;\">La precariedad en la que viv\u00eda junto a su familia lo oblig\u00f3 a salir a buscar el sustento, por ello se\u00a0desempe\u00f1\u00f3 en varios oficios. A los 6 a\u00f1os fue limpiabotas y luego se convirti\u00f3 en boxeador, oficios que no le impidieron continuar sus estudios.<\/p>\n<p style=\"text-align: justify;\">A la edad de 19 a\u00f1os se trasladan a Caracas en b\u00fasqueda de mejoras en su calidad de\u00a0vida. Se inscribe en el Liceo Caracas, para completar su educaci\u00f3n.<\/p>\n<p style=\"text-align: justify;\">En 1964, tras culminar el bachillerato, ingresa a la Facultad de Ciencias de la Universidad Central de Venezuela (UCV), para especializarse en Qu\u00edmica, estudios que no finaliz\u00f3 al decidir que no iba a trabajar para las petroleras, y a cambio se dedicar\u00eda definitivamente a luchar por y con su pueblo, a trav\u00e9s de su canto.<\/p>\n<p style=\"text-align: justify;\">En noviembre de 1973 ya figuraba como uno de los principales compositores y cantantes populares no s\u00f3lo del pa\u00eds, sino tambi\u00e9n de Am\u00e9rica Latina.<\/p>\n<p style=\"text-align: justify;\">Desde entonces y hasta la fecha de su muerte, grab\u00f3 13 discos de larga duraci\u00f3n y particip\u00f3 en\u00a0numerosos festivales en toda Am\u00e9rica Latina.<\/p>\n<p style=\"text-align: justify;\">En 1977 conoce en Barquisimeto, estado Lara, a quien ser\u00eda su esposa, Sol Musset, de cuya relaci\u00f3n nacieron cuatro hijos: Sandino, Servando, Florentino y Juan Sim\u00f3n.<\/p>\n<p style=\"text-align: justify;\">Adem\u00e1s, Primera ya hab\u00eda concebido dos hijas con Taria Osenius, en su viaje a Suecia: Mar\u00eda Fernanda y Maria \u00c1ngela, y con la venezolana Noelia P\u00e9rez tuvo a su hijo Jorge Primera P\u00e9rez.<\/p>\n<p style=\"text-align: justify;\"><strong>El canto necesario<\/strong><\/p>\n<p style=\"text-align: justify;\"><em>\u201cNuestro canto no es de protesta, porque no hacemos una canci\u00f3n por malcriadez, no la tomamos para encumbrarnos ni hacernos millonarios, es una canci\u00f3n necesaria. (\u2026) cada d\u00eda nos motiva a hacerla m\u00e1s profunda, pues un hombre armado de una canci\u00f3n y una poes\u00eda humana, es un hombre desarmado para la envidia y para ser un hombre malo. (\u2026) No canto porque existe la miseria, sino porque existe la posibilidad de borrarla, de erradicarla de la faz de la tierra\u201d:<\/em>\u00a0<strong><em>Al\u00ed Primera, 1970<\/em><\/strong><\/p>\n<p style=\"text-align: justify;\">Sus composiciones recogen el sufrimiento del pueblo desgastado por la pobreza y la desigualdad social, la poblaci\u00f3n excluida se identifica con sus letras y lo convierten en el <strong><em>Cantor del Pueblo<\/em><\/strong>, apodo con el que se le identifica desde entonces.<\/p>\n<p style=\"text-align: justify;\">Entre sus canciones m\u00e1s conocidas se encuentran \u201cParaguan\u00e1 paraguanera\u201d, \u201cJos\u00e9 Leonardo\u00bb, \u00abCasas de cart\u00f3n\u00bb, \u00abCruz Salmer\u00f3n Acosta\u00bb, \u00abRever\u00f3n\u00bb, \u00abFlora y Ceferino\u00bb, \u00abCanci\u00f3n mansa para un pueblo bravo\u00bb (tema musical de la pel\u00edcula del mismo nombre), \u201cHumanidad\u201d y \u201cNo Basta rezar\u201d.<\/p>\n<p style=\"text-align: justify;\">El Cantor del Pueblo fue objeto de veto por parte de los medios de comunicaci\u00f3n y el Gobierno de turno en Venezuela, debido a las letras de sus canciones, lo que lo llev\u00f3 a fundar su propio sello disquero, Cigarr\u00f3n, para buscarle difusi\u00f3n a sus composiciones.<\/p>\n<p style=\"text-align: justify;\">Para la distribuci\u00f3n comercial de las mismas se apoy\u00f3 en la compa\u00f1\u00eda discogr\u00e1fica, hoy desaparecida, Producciones Musicales (Promus).<\/p>\n<p style=\"text-align: justify;\">La muerte de Al\u00ed Primera se produjo el 16 de febrero de 1985, en un lamentable accidente automovil\u00edstico, ocurrido en la autopista Valle-Coche, despu\u00e9s de salir de una sesi\u00f3n de grabaci\u00f3n.<\/p>\n<p style=\"text-align: justify;\">A pesar de que su acta de defunci\u00f3n y las investigaciones realizadas esclarec\u00edan el accidente, sus seguidores aseguran que fue un atentado orquestado por sus enemigos pol\u00edticos.<\/p>\n<p style=\"text-align: justify;\">Muchos venezolanos a\u00fan se\u00f1alan que el<em><strong> Cantor del Pueblo<\/strong><\/em> fue objeto de numerosas persecuciones a causa de las letras de sus canciones y su militancia de izquierda.<\/p>\n<p style=\"text-align: justify;\">El Gobierno Bolivariano en 2005 declar\u00f3 la m\u00fasica de Al\u00ed Primera como Patrimonio Nacional. Los derechos de sus obras son dirigidas por la empresa Korta R\u00e9cords, la cual se encarg\u00f3 de hacer una reedici\u00f3n digital de su obra bajo el t\u00edtulo <em><strong>La Canci\u00f3n Necesaria. \/XN<\/strong><\/em><\/p>\n","protected":false},"excerpt":{"rendered":"<p>Caracas 31 de octubre de 2016. Cortes\u00eda VTV.- Hace 75 a\u00f1os naci\u00f3 en la tierra brava de Venezuela, el Cantor del Pueblo, Al\u00ed Primera, poeta y activista pol\u00edtico del Partido Comunista.<\/p>\n","protected":false},"author":3,"featured_media":4515,"comment_status":"closed","ping_status":"closed","sticky":false,"template":"","format":"standard","meta":[],"categories":[21,2],"tags":[24],"_links":{"self":[{"href":"https:\/\/www.espromedbio.gob.ve\/inicio\/wp-json\/wp\/v2\/posts\/4514"}],"collection":[{"href":"https:\/\/www.espromedbio.gob.ve\/inicio\/wp-json\/wp\/v2\/posts"}],"about":[{"href":"https:\/\/www.espromedbio.gob.ve\/inicio\/wp-json\/wp\/v2\/types\/post"}],"author":[{"embeddable":true,"href":"https:\/\/www.espromedbio.gob.ve\/inicio\/wp-json\/wp\/v2\/users\/3"}],"replies":[{"embeddable":true,"href":"https:\/\/www.espromedbio.gob.ve\/inicio\/wp-json\/wp\/v2\/comments?post=4514"}],"version-history":[{"count":1,"href":"https:\/\/www.espromedbio.gob.ve\/inicio\/wp-json\/wp\/v2\/posts\/4514\/revisions"}],"predecessor-version":[{"id":4516,"href":"https:\/\/www.espromedbio.gob.ve\/inicio\/wp-json\/wp\/v2\/posts\/4514\/revisions\/4516"}],"wp:featuredmedia":[{"embeddable":true,"href":"https:\/\/www.espromedbio.gob.ve\/inicio\/wp-json\/wp\/v2\/media\/4515"}],"wp:attachment":[{"href":"https:\/\/www.espromedbio.gob.ve\/inicio\/wp-json\/wp\/v2\/media?parent=4514"}],"wp:term":[{"taxonomy":"category","embeddable":true,"href":"https:\/\/www.espromedbio.gob.ve\/inicio\/wp-json\/wp\/v2\/categories?post=4514"},{"taxonomy":"post_tag","embeddable":true,"href":"https:\/\/www.espromedbio.gob.ve\/inicio\/wp-json\/wp\/v2\/tags?post=4514"}],"curies":[{"name":"wp","href":"https:\/\/api.w.org\/{rel}","templated":true}]}}