{"id":4545,"date":"2016-11-08T11:10:44","date_gmt":"2016-11-08T15:40:44","guid":{"rendered":"http:\/\/espromedbio.gob.ve\/?p=4545"},"modified":"2016-11-08T11:10:44","modified_gmt":"2016-11-08T15:40:44","slug":"melendez-convenio-cuba-venezuela-ha-fortalecido-sector-salud-en-ambas-naciones","status":"publish","type":"post","link":"https:\/\/www.espromedbio.gob.ve\/inicio\/melendez-convenio-cuba-venezuela-ha-fortalecido-sector-salud-en-ambas-naciones\/","title":{"rendered":"Mel\u00e9ndez: Convenio Cuba-Venezuela ha fortalecido sector salud en ambas naciones"},"content":{"rendered":"<p style=\"text-align: justify;\"><strong>Caracas, 08 Nov. CORTES\u00cdA AVN.-<\/strong> A trav\u00e9s del Convenio Cuba-Venezuela se ha podido fortalecer la salud en ambas naciones gracias al intercambio y a la formaci\u00f3n m\u00e9dica, resalt\u00f3 este martes la ministra para el Despacho de la Presidencia, Carmen Mel\u00e9ndez.<!--more--><\/p>\n<p style=\"text-align: justify;\">\u00abGracias al Convenio Cuba-Venezuela nosotros nos hemos estado fortaleciendo para seguir avanzando (&#8230;) tenemos espacios y m\u00e9dicos que se han venido formando para lo que nuestro pueblo necesita en materia de salud\u00bb, destac\u00f3 durante su programa,\u00a0<em>Gesti\u00f3n del Pueblo,<\/em> que transmite Radio Miraflores 95.5 FM.<\/p>\n<p style=\"text-align: justify;\">Mencion\u00f3 que en materia de salud la meta del Gobierno Bolivariano es llevar la Misi\u00f3n Barrio Adentro 100 % a todos los estados del pa\u00eds, cumpliendo con la instrucci\u00f3n del presidente de la Rep\u00fablica, Nicol\u00e1s Maduro.<\/p>\n<p style=\"text-align: justify;\">Gracias al convenio Cuba-Venezuela, en los \u00faltimos 14 a\u00f1os \u2014desde la creaci\u00f3n de la Misi\u00f3n Barrio Adentro\u2014 se han ofrecido de manera gratuita en todo el territorio venezolano m\u00e1s de 700 millones de consultas m\u00e9dicas.<\/p>\n<p style=\"text-align: justify;\">Durante el programa, Mel\u00e9ndez orient\u00f3 a la sala situacional del programa a dar respuestas a todas las inquietudes y peticiones de los ciudadanos que se comunicaron a trav\u00e9s del 0800-gpueblo (478-32-56) y por la mensajer\u00eda de texto al 0416-927-7104.<\/p>\n<p style=\"text-align: justify;\">\u00abVamos avanzando para dar respuesta oportuna con una gesti\u00f3n del pueblo eficiente\u00bb, puntualiz\u00f3.<\/p>\n","protected":false},"excerpt":{"rendered":"<p>Caracas, 08 Nov. CORTES\u00cdA AVN.- A trav\u00e9s del Convenio Cuba-Venezuela se ha podido fortalecer la salud en ambas naciones gracias al intercambio y a la formaci\u00f3n m\u00e9dica, resalt\u00f3 este martes la ministra para el Despacho de la Presidencia, Carmen Mel\u00e9ndez.<\/p>\n","protected":false},"author":3,"featured_media":4546,"comment_status":"closed","ping_status":"closed","sticky":false,"template":"","format":"standard","meta":[],"categories":[21,2],"tags":[83,22,66],"_links":{"self":[{"href":"https:\/\/www.espromedbio.gob.ve\/inicio\/wp-json\/wp\/v2\/posts\/4545"}],"collection":[{"href":"https:\/\/www.espromedbio.gob.ve\/inicio\/wp-json\/wp\/v2\/posts"}],"about":[{"href":"https:\/\/www.espromedbio.gob.ve\/inicio\/wp-json\/wp\/v2\/types\/post"}],"author":[{"embeddable":true,"href":"https:\/\/www.espromedbio.gob.ve\/inicio\/wp-json\/wp\/v2\/users\/3"}],"replies":[{"embeddable":true,"href":"https:\/\/www.espromedbio.gob.ve\/inicio\/wp-json\/wp\/v2\/comments?post=4545"}],"version-history":[{"count":1,"href":"https:\/\/www.espromedbio.gob.ve\/inicio\/wp-json\/wp\/v2\/posts\/4545\/revisions"}],"predecessor-version":[{"id":4547,"href":"https:\/\/www.espromedbio.gob.ve\/inicio\/wp-json\/wp\/v2\/posts\/4545\/revisions\/4547"}],"wp:featuredmedia":[{"embeddable":true,"href":"https:\/\/www.espromedbio.gob.ve\/inicio\/wp-json\/wp\/v2\/media\/4546"}],"wp:attachment":[{"href":"https:\/\/www.espromedbio.gob.ve\/inicio\/wp-json\/wp\/v2\/media?parent=4545"}],"wp:term":[{"taxonomy":"category","embeddable":true,"href":"https:\/\/www.espromedbio.gob.ve\/inicio\/wp-json\/wp\/v2\/categories?post=4545"},{"taxonomy":"post_tag","embeddable":true,"href":"https:\/\/www.espromedbio.gob.ve\/inicio\/wp-json\/wp\/v2\/tags?post=4545"}],"curies":[{"name":"wp","href":"https:\/\/api.w.org\/{rel}","templated":true}]}}