{"id":4672,"date":"2016-11-21T08:48:05","date_gmt":"2016-11-21T13:18:05","guid":{"rendered":"http:\/\/espromedbio.gob.ve\/?p=4672"},"modified":"2016-11-21T08:48:05","modified_gmt":"2016-11-21T13:18:05","slug":"mas-de-400-trabajadores-fueron-atendidos-en-jornada-medica-integral","status":"publish","type":"post","link":"https:\/\/www.espromedbio.gob.ve\/inicio\/mas-de-400-trabajadores-fueron-atendidos-en-jornada-medica-integral\/","title":{"rendered":"M\u00e1s de 400 trabajadores fueron atendidos en jornada m\u00e9dica integral"},"content":{"rendered":"<p style=\"text-align: center;\">En la sede del Ministerio del Poder Popular para la Salud<\/p>\n<div class=\"item-page\">\n<div>\n<p style=\"text-align: justify;\"><strong>Caracas, 18.11.16 (Cortes\u00eda Prensa MPPS).-<\/strong> A prop\u00f3sito de la conmemoraci\u00f3n del D\u00eda Mundial de la Diabetes, conmemorado el 14 de noviembre, el Programa Nacional Endocrino-Metab\u00f3lico del Ministerio del Poder Popular para la Salud (MPPS) realiz\u00f3 una jornada m\u00e9dica donde fueron atendidos m\u00e1s de 400 trabajadores de la sede central de este despacho.<\/p>\n<\/div>\n<\/div>\n<p style=\"text-align: justify;\"><!--more--><\/p>\n<div style=\"text-align: justify;\">Rosario Dioguardi, coordinadora del referido programa, manifest\u00f3 que este abordaje de prevenci\u00f3n de diabetes cont\u00f3 con una charla informativa y educativa dirigida a los servidores p\u00fablicos, con el fin de promocionar la salud y prevenir enfermedades.<\/div>\n<div style=\"text-align: justify;\"><\/div>\n<div style=\"text-align: justify;\">Dijo que durante esta actividad tambi\u00e9n se efectu\u00f3: evaluaci\u00f3n nutricional, pesquisa de hipertensi\u00f3n arterial, toma de glicemia, as\u00ed como una evaluaci\u00f3n oftalmol\u00f3gica a personas mayores de 40 a\u00f1os.<\/div>\n<div style=\"text-align: justify;\"><\/div>\n<div style=\"text-align: justify;\">Enfatiz\u00f3 la especialista: \u201cTodas las personas deben hacerse un examen, ya que se estima que 50% de los individuos que sufren de diabetes no lo saben\u00bb.<\/div>\n<div style=\"text-align: justify;\"><\/div>\n<div style=\"text-align: justify;\">Por su parte, Tania Bernal, directora de Programa Nacional de Enfermedades Cr\u00f3nicas no Trasmisibles de este organismo, expres\u00f3 que en esta actividad se le suministr\u00f3 a los participantes informaci\u00f3n sobre los factores de riesgo y las complicaciones que genera esta patolog\u00eda, apoder\u00e1ndonos del lema : \u201cSalud entra por casa\u201d.<\/div>\n<div style=\"text-align: justify;\"><\/div>\n<div style=\"text-align: justify;\">Manifest\u00f3 que se debe mantener estilos de vida saludable que permitan tener un peso corporal adecuado, realizar una actividad f\u00edsica regular varios d\u00edas a la semana; asumir una alimentaci\u00f3n que contenga raciones diarias de frutas, hortalizas y una cantidad reducida de az\u00facar y grasa saturada. Evitar el consumo de tabaco, alcohol, y aprender a manejar el estr\u00e9s.<\/div>\n<div style=\"text-align: justify;\"><\/div>\n<div style=\"text-align: justify;\">\n<p><strong>Enfermedad silenciosa<\/strong><\/p>\n<p>El representante de la Organizaci\u00f3n Panamericana de la Salud (OPS) en Venezuela, Jos\u00e9 Moya, se\u00f1al\u00f3: \u201cTodos tenemos que saber que la diabetes ha venido afectando a los pa\u00edses de Am\u00e9rica Latina y el mundo, de una manera silenciosa\u201d.<\/p><\/div>\n<div style=\"text-align: justify;\"><\/div>\n<div style=\"text-align: justify;\">\n<p><strong>Trabajador beneficiado<\/strong><\/p>\n<p>Yolanda Bafreita, trabajadora del edificio sede del MPPS, manifiesto que a sus 64 a\u00f1os de edad sufre de diabetes e hipertensi\u00f3n arterial desde que ten\u00eda 20 a\u00f1os. Al referirse a su participaci\u00f3n activa en este taller, apunt\u00f3: \u201cMe siento orgullosa y feliz de que existan este tipo de jornadas, las cuales permiten alertarnos sobre el da\u00f1o que causa el consumo de bebidas y alimentos azucarados\u201d.\u00a0<strong>Elinson Moreno<\/strong><\/div>\n<p>&nbsp;<\/p>\n","protected":false},"excerpt":{"rendered":"<p>En la sede del Ministerio del Poder Popular para la Salud Caracas, 18.11.16 (Cortes\u00eda Prensa MPPS).- A prop\u00f3sito de la conmemoraci\u00f3n del D\u00eda Mundial de la Diabetes, conmemorado el 14 de noviembre, el Programa Nacional Endocrino-Metab\u00f3lico del Ministerio del Poder Popular para la Salud (MPPS) realiz\u00f3 una jornada m\u00e9dica donde fueron atendidos m\u00e1s de 400 [&hellip;]<\/p>\n","protected":false},"author":3,"featured_media":4673,"comment_status":"closed","ping_status":"closed","sticky":false,"template":"","format":"standard","meta":[],"categories":[21,2],"tags":[],"_links":{"self":[{"href":"https:\/\/www.espromedbio.gob.ve\/inicio\/wp-json\/wp\/v2\/posts\/4672"}],"collection":[{"href":"https:\/\/www.espromedbio.gob.ve\/inicio\/wp-json\/wp\/v2\/posts"}],"about":[{"href":"https:\/\/www.espromedbio.gob.ve\/inicio\/wp-json\/wp\/v2\/types\/post"}],"author":[{"embeddable":true,"href":"https:\/\/www.espromedbio.gob.ve\/inicio\/wp-json\/wp\/v2\/users\/3"}],"replies":[{"embeddable":true,"href":"https:\/\/www.espromedbio.gob.ve\/inicio\/wp-json\/wp\/v2\/comments?post=4672"}],"version-history":[{"count":1,"href":"https:\/\/www.espromedbio.gob.ve\/inicio\/wp-json\/wp\/v2\/posts\/4672\/revisions"}],"predecessor-version":[{"id":4674,"href":"https:\/\/www.espromedbio.gob.ve\/inicio\/wp-json\/wp\/v2\/posts\/4672\/revisions\/4674"}],"wp:featuredmedia":[{"embeddable":true,"href":"https:\/\/www.espromedbio.gob.ve\/inicio\/wp-json\/wp\/v2\/media\/4673"}],"wp:attachment":[{"href":"https:\/\/www.espromedbio.gob.ve\/inicio\/wp-json\/wp\/v2\/media?parent=4672"}],"wp:term":[{"taxonomy":"category","embeddable":true,"href":"https:\/\/www.espromedbio.gob.ve\/inicio\/wp-json\/wp\/v2\/categories?post=4672"},{"taxonomy":"post_tag","embeddable":true,"href":"https:\/\/www.espromedbio.gob.ve\/inicio\/wp-json\/wp\/v2\/tags?post=4672"}],"curies":[{"name":"wp","href":"https:\/\/api.w.org\/{rel}","templated":true}]}}