{"id":4733,"date":"2016-11-30T11:51:17","date_gmt":"2016-11-30T16:21:17","guid":{"rendered":"http:\/\/espromedbio.gob.ve\/?p=4733"},"modified":"2016-11-30T11:55:21","modified_gmt":"2016-11-30T16:25:21","slug":"acepta-el-reto-terminemos-con-el-sida","status":"publish","type":"post","link":"https:\/\/www.espromedbio.gob.ve\/inicio\/acepta-el-reto-terminemos-con-el-sida\/","title":{"rendered":"ACEPTA EL RETO, TERMINEMOS CON EL SIDA"},"content":{"rendered":"<p style=\"text-align: justify;\"><strong>30.11.16 (Cortes\u00eda OPS\/OMS).-<\/strong> Cada 1\u00ba de diciembre se celebra el <strong>D\u00eda Mundial de la Lucha contra el SIDA<\/strong>. Es una oportunidad para concienciar, educar y mejorar la comprensi\u00f3n del VIH como un problema de salud p\u00fablica mundial.<!--more--><\/p>\n<p style=\"text-align: justify;\">Este a\u00f1o, el lema que la Organizaci\u00f3n Panamericana de la Salud propone para el <strong>D\u00eda Mundial de la Lucha contra el SIDA 2016 es: \u00abAcepta el reto, terminemos con el SIDA\u00bb<\/strong>.<\/p>\n<p style=\"text-align: justify;\">Es el momento propicio para fortalecer el apoyo en la respuesta al VIH en las Am\u00e9ricas y tomar pasos innovadores para que la Regi\u00f3n pueda alcanzar las Metas Mundiales para acabar con la epidemia en el 2030.<\/p>\n<p style=\"text-align: justify;\">La prevenci\u00f3n combinada del VIH, detecci\u00f3n temprana y acceso a tratamiento antirretroviral ser\u00e1n fundamentales para lograr detener la transmisi\u00f3n del virus en los pr\u00f3ximos a\u00f1os. Para alcanzar ese objetivo, los gobiernos, los proveedores de servicios de salud, los organismos de cooperaci\u00f3n, la sociedad civil, las personas viviendo con VIH, las poblaciones clave y otros interesados directos en esta lucha deben trabajar conjuntamente e intensificar la respuesta al VIH.<\/p>\n","protected":false},"excerpt":{"rendered":"<p>30.11.16 (Cortes\u00eda OPS\/OMS).- Cada 1\u00ba de diciembre se celebra el D\u00eda Mundial de la Lucha contra el SIDA. Es una oportunidad para concienciar, educar y mejorar la comprensi\u00f3n del VIH como un problema de salud p\u00fablica mundial.<\/p>\n","protected":false},"author":3,"featured_media":4736,"comment_status":"closed","ping_status":"closed","sticky":false,"template":"","format":"standard","meta":[],"categories":[21,2],"tags":[30,66,86],"_links":{"self":[{"href":"https:\/\/www.espromedbio.gob.ve\/inicio\/wp-json\/wp\/v2\/posts\/4733"}],"collection":[{"href":"https:\/\/www.espromedbio.gob.ve\/inicio\/wp-json\/wp\/v2\/posts"}],"about":[{"href":"https:\/\/www.espromedbio.gob.ve\/inicio\/wp-json\/wp\/v2\/types\/post"}],"author":[{"embeddable":true,"href":"https:\/\/www.espromedbio.gob.ve\/inicio\/wp-json\/wp\/v2\/users\/3"}],"replies":[{"embeddable":true,"href":"https:\/\/www.espromedbio.gob.ve\/inicio\/wp-json\/wp\/v2\/comments?post=4733"}],"version-history":[{"count":2,"href":"https:\/\/www.espromedbio.gob.ve\/inicio\/wp-json\/wp\/v2\/posts\/4733\/revisions"}],"predecessor-version":[{"id":4737,"href":"https:\/\/www.espromedbio.gob.ve\/inicio\/wp-json\/wp\/v2\/posts\/4733\/revisions\/4737"}],"wp:featuredmedia":[{"embeddable":true,"href":"https:\/\/www.espromedbio.gob.ve\/inicio\/wp-json\/wp\/v2\/media\/4736"}],"wp:attachment":[{"href":"https:\/\/www.espromedbio.gob.ve\/inicio\/wp-json\/wp\/v2\/media?parent=4733"}],"wp:term":[{"taxonomy":"category","embeddable":true,"href":"https:\/\/www.espromedbio.gob.ve\/inicio\/wp-json\/wp\/v2\/categories?post=4733"},{"taxonomy":"post_tag","embeddable":true,"href":"https:\/\/www.espromedbio.gob.ve\/inicio\/wp-json\/wp\/v2\/tags?post=4733"}],"curies":[{"name":"wp","href":"https:\/\/api.w.org\/{rel}","templated":true}]}}