{"id":4928,"date":"2017-01-05T09:34:06","date_gmt":"2017-01-05T14:04:06","guid":{"rendered":"http:\/\/espromedbio.gob.ve\/?p=4928"},"modified":"2017-01-05T09:34:06","modified_gmt":"2017-01-05T14:04:06","slug":"conozca-los-cambios-del-poder-ejecutivo-en-la-agenda-carabobo-2017-2018","status":"publish","type":"post","link":"https:\/\/www.espromedbio.gob.ve\/inicio\/conozca-los-cambios-del-poder-ejecutivo-en-la-agenda-carabobo-2017-2018\/","title":{"rendered":"Conozca los cambios del Poder Ejecutivo en la Agenda Carabobo 2017-2018"},"content":{"rendered":"<p style=\"text-align: justify;\"><strong>Caracas, 04 de enero de 2017. Cortes\u00eda VTV.-<\/strong> El Presidente de la Rep\u00fablica Bolivariana de Venezuela, Nicol\u00e1s Maduro Moros, anunci\u00f3 el\u00a0mi\u00e9rcoles cuatro de diciembre su nuevo equipo de trabajo para\u00a0este a\u00f1o 2017, a fin de combinar experiencia y compromiso en esta etapa del Gobierno de Calle.<!--more--><\/p>\n<p style=\"text-align: justify;\">El Jefe de Estado, durante una jornada de trabajo en el Cuartel de la Monta\u00f1a en Caracas, inici\u00f3 las actividades de la Agenda\u00a0Campa\u00f1a Carabobo 2017-2018 con cambios en el Gabinete Ejecutivo, y comenz\u00f3 con la\u00a0designaci\u00f3n de Tareck El Aissami como el nuevo vicepresidente Ejecutivo de la Rep\u00fablica de Venezuela.<\/p>\n<p style=\"text-align: justify;\">\u201cNecesitamos en primer lugar un nuevo m\u00e9todo para que se cumpla todo lo anunciado, todas las acciones, y que los compa\u00f1eros ministros garanticen y certifiquen con su vida el cumplimiento de cada meta\u201d, manifest\u00f3.<\/p>\n<p style=\"text-align: justify;\"><strong>A continuaci\u00f3n los nuevos ministros\u00a0<\/strong><\/p>\n<p style=\"text-align: justify;\">Nelson Mart\u00ednez asumir\u00e1 las riendas del Ministerio de Petr\u00f3leo.\u00a0<a href=\"http:\/\/espromedbio.gob.ve\/wp-content\/uploads\/2017\/01\/nelson-300x205.jpg\"><img loading=\"lazy\" class=\"alignleft size-thumbnail wp-image-4931\" src=\"http:\/\/espromedbio.gob.ve\/wp-content\/uploads\/2017\/01\/nelson-300x205-150x150.jpg\" alt=\"nelson-300x205\" width=\"150\" height=\"150\" \/><\/a><\/p>\n<p style=\"text-align: justify;\">Eulogio del Pino fue ratificado como presidente de Petr\u00f3leos de Venezuela (Pdvsa), inform\u00f3 el Jefe de Estado.<\/p>\n<p style=\"text-align: justify;\">Ministerio del Poder Popular para la\u00a0Econom\u00eda y Finanzas, para este cargo fue designado Ram\u00f3n Lobo, quien result\u00f3 electo diputado a la Asamblea Nacional por el Bloque de la Patria el 6 de diciembre de 2015.<\/p>\n<p style=\"text-align: justify;\">El\u00edas Jaua pasa a la cartera de Educaci\u00f3n, en sustituci\u00f3n de Rudolfo P\u00e9rez.\u00a0<a href=\"http:\/\/espromedbio.gob.ve\/wp-content\/uploads\/2017\/01\/elias-272x182.jpg\"><img loading=\"lazy\" class=\"size-thumbnail wp-image-4932 alignright\" src=\"http:\/\/espromedbio.gob.ve\/wp-content\/uploads\/2017\/01\/elias-272x182-150x150.jpg\" alt=\"elias-272x182\" width=\"150\" height=\"150\" \/><\/a><\/p>\n<p style=\"text-align: justify;\">El Presidente design\u00f3 a Ad\u00e1n Ch\u00e1vez como ministro del Poder Popular para la Cultura.<\/p>\n<p style=\"text-align: justify;\">\u201cIgualmente he invitado para que asuma el Ministerio de Educaci\u00f3n\u00a0Universitaria, Ciencia y Tecnolog\u00eda a Hugbel Roa. Le agradezco al compa\u00f1ero Jorge Arreaza por la labor cumplida; muy pronto ir\u00e1 a cumplir una tarea en el campo de la diplomacia\u201d, dijo.<\/p>\n<p style=\"text-align: justify;\">\u201cHe llamado a una compa\u00f1era, m\u00e9dica venezolana, especialista en varios temas, la doctora Antonieta Caporales Zamora para que asuma el Ministerio del Poder Popular para la Salud\u201d, resalt\u00f3 Maduro.\u00a0<a href=\"http:\/\/espromedbio.gob.ve\/wp-content\/uploads\/2017\/01\/antonieta-272x182.jpg\"><img loading=\"lazy\" class=\"alignleft size-thumbnail wp-image-4933\" src=\"http:\/\/espromedbio.gob.ve\/wp-content\/uploads\/2017\/01\/antonieta-272x182-150x150.jpg\" alt=\"antonieta-272x182\" width=\"150\" height=\"150\" \/><\/a><\/p>\n<p style=\"text-align: justify;\">El Presidente Nicol\u00e1s Maduro nombr\u00f3 como ministro del Poder Popular para el Trabajo a Francisco Torrealba.<\/p>\n<p style=\"text-align: justify;\">\u201cEn el campo del socialismo territorial de las comunas, le he pedido al compa\u00f1ero Arist\u00f3bulo Ist\u00fariz que asuma el Ministerio para las Comunas y Movimientos Sociales\u201d, precis\u00f3.<\/p>\n<p style=\"text-align: justify;\">\u201cHe pedido a \u00c9rika Far\u00edas para que asuma el Ministerio de la Agricultura Urbana\u201d, anunci\u00f3 el Presidente venezolano.\u00a0<a href=\"http:\/\/espromedbio.gob.ve\/wp-content\/uploads\/2017\/01\/erikaF-272x182.jpg\"><img loading=\"lazy\" class=\"size-thumbnail wp-image-4934 alignright\" src=\"http:\/\/espromedbio.gob.ve\/wp-content\/uploads\/2017\/01\/erikaF-272x182-150x150.jpg\" alt=\"erikaF-272x182\" width=\"150\" height=\"150\" \/><\/a><\/p>\n<p style=\"text-align: justify;\">\u201cVoy a designar a un joven militar venezolano, coronel de la Aviaci\u00f3n Venezolana, experto licenciado en Meteorolog\u00eda, experto licenciado en Gerencia Ambiental. He decidido entregarle la responsabilidad a este joven el Ministerio de Ecosocialismo y Agua a Ram\u00f3n Celestino Vel\u00e1squez Araguay\u00e1n\u201d, expres\u00f3.<\/p>\n<p style=\"text-align: justify;\">\u201cPor \u00faltimo \u00a0he decidido designar al almirante C\u00e9sar Alberto Salazar Coll como ministro de Obras P\u00fablicas\u201d, indic\u00f3 el Jefe de Estado.\u00a0<a href=\"http:\/\/espromedbio.gob.ve\/wp-content\/uploads\/2017\/01\/cesar-272x182.jpg\"><img loading=\"lazy\" class=\"alignleft size-thumbnail wp-image-4935\" src=\"http:\/\/espromedbio.gob.ve\/wp-content\/uploads\/2017\/01\/cesar-272x182-150x150.jpg\" alt=\"cesar-272x182\" width=\"150\" height=\"150\" \/><\/a><\/p>\n<p style=\"text-align: justify;\"><strong>Nuevo Consejo de Vicepresidentes\u00a0<\/strong><\/p>\n<p style=\"text-align: justify;\">El nuevo Consejo de Vicepresidentes Territoriales estar\u00e1 conformado por:<\/p>\n<ul style=\"text-align: justify;\">\n<li>Tareck El Aissami, vicepresidente de la Rep\u00fablica Bolivariana de Venezuela y coordinador del Consejo de\u00a0Vicepresidencia Territorial.<\/li>\n<li>Ram\u00f3n Lobo, ministro para la\u00a0Econom\u00eda y Finanzas<em>, y<\/em>\u00a0vicepresidente territorial de Econom\u00eda y Finanzas.<\/li>\n<li>El\u00edas Jaua, ministro de Educaci\u00f3n, y vicepresidente territorial para las Misiones Socialistas.<\/li>\n<li>Almiranta en jefa Carmen Mel\u00e9ndez, ministra para la Presidencia, y nueva vicepresidenta territorial de Pol\u00edtica y Soberan\u00eda del pa\u00eds.<\/li>\n<li>Arist\u00f3bulo Ist\u00fariz, ministro\u00a0para\u00a0las Comunas y Movimientos Sociales<em>, y<\/em>\u00a0vicepresidente para el Socialismo Territorial.<\/li>\n<li>Ricardo Molina, ministro de Transporte, contin\u00faa en la vicepresidencia territorial de Servicios y Obras P\u00fablicas.<\/li>\n<li>Ricardo Men\u00e9ndez, ministro de Planificaci\u00f3n, contin\u00faa en la vicepresidencia territorial de Planificaci\u00f3n del Plan de la Patria.<\/li>\n<\/ul>\n<p style=\"text-align: justify;\">\n","protected":false},"excerpt":{"rendered":"<p>Caracas, 04 de enero de 2017. Cortes\u00eda VTV.- El Presidente de la Rep\u00fablica Bolivariana de Venezuela, Nicol\u00e1s Maduro Moros, anunci\u00f3 el\u00a0mi\u00e9rcoles cuatro de diciembre su nuevo equipo de trabajo para\u00a0este a\u00f1o 2017, a fin de combinar experiencia y compromiso en esta etapa del Gobierno de Calle.<\/p>\n","protected":false},"author":3,"featured_media":4930,"comment_status":"closed","ping_status":"closed","sticky":false,"template":"","format":"standard","meta":[],"categories":[21,2],"tags":[51,23,60,66],"_links":{"self":[{"href":"https:\/\/www.espromedbio.gob.ve\/inicio\/wp-json\/wp\/v2\/posts\/4928"}],"collection":[{"href":"https:\/\/www.espromedbio.gob.ve\/inicio\/wp-json\/wp\/v2\/posts"}],"about":[{"href":"https:\/\/www.espromedbio.gob.ve\/inicio\/wp-json\/wp\/v2\/types\/post"}],"author":[{"embeddable":true,"href":"https:\/\/www.espromedbio.gob.ve\/inicio\/wp-json\/wp\/v2\/users\/3"}],"replies":[{"embeddable":true,"href":"https:\/\/www.espromedbio.gob.ve\/inicio\/wp-json\/wp\/v2\/comments?post=4928"}],"version-history":[{"count":2,"href":"https:\/\/www.espromedbio.gob.ve\/inicio\/wp-json\/wp\/v2\/posts\/4928\/revisions"}],"predecessor-version":[{"id":4936,"href":"https:\/\/www.espromedbio.gob.ve\/inicio\/wp-json\/wp\/v2\/posts\/4928\/revisions\/4936"}],"wp:featuredmedia":[{"embeddable":true,"href":"https:\/\/www.espromedbio.gob.ve\/inicio\/wp-json\/wp\/v2\/media\/4930"}],"wp:attachment":[{"href":"https:\/\/www.espromedbio.gob.ve\/inicio\/wp-json\/wp\/v2\/media?parent=4928"}],"wp:term":[{"taxonomy":"category","embeddable":true,"href":"https:\/\/www.espromedbio.gob.ve\/inicio\/wp-json\/wp\/v2\/categories?post=4928"},{"taxonomy":"post_tag","embeddable":true,"href":"https:\/\/www.espromedbio.gob.ve\/inicio\/wp-json\/wp\/v2\/tags?post=4928"}],"curies":[{"name":"wp","href":"https:\/\/api.w.org\/{rel}","templated":true}]}}