{"id":507,"date":"2015-08-18T00:00:00","date_gmt":"2015-08-18T00:00:00","guid":{"rendered":""},"modified":"2018-11-19T13:41:05","modified_gmt":"2018-11-19T17:41:05","slug":"debatiran-plan-nacional-de-derechos-humanos-en-plazas-bolivar-brion-y-catia-de-caracas","status":"publish","type":"post","link":"https:\/\/www.espromedbio.gob.ve\/inicio\/debatiran-plan-nacional-de-derechos-humanos-en-plazas-bolivar-brion-y-catia-de-caracas\/","title":{"rendered":"Debatir\u00e1n Plan Nacional de Derechos Humanos en plazas Bol\u00edvar, Bri\u00f3n y Catia de Caracas"},"content":{"rendered":"<p>Cortes\u00eda AVN<\/p>\n<p style=\"text-align: justify;\">La consulta p&uacute;blica del Plan Nacional de Derechos Humanos 2015-2019 se realizar&aacute; durante agosto en las Plazas Bol&iacute;var, Bri&oacute;n y Catia, en Caracas, con el fin de propiciar un debate amplio entre todos los sectores de la poblaci&oacute;n sobre la materia, anunci&oacute; este lunes el jefe de Gobierno del Distrito Capital, Juan Carlos Dugarte.<\/p>\n<p style=\"text-align: justify;\">La m&aacute;xima autoridad del Distrito Capital inform&oacute; que los tres puntos van a estar instalados de lunes a domingo, de manera permanente, para que las personas se incorporen a la discusi&oacute;n.<\/p>\n<p style=\"text-align: justify;\">Mientras que para \u00abel 9 de septiembre vamos a tener un acto donde todas estas propuestas que se van a recoger en esta consulta, se van a sistematizar para que pueda salir una propuesta firme y coherente del pueblo de Caracas\u00bb, explic&oacute; Dugarte.<\/p>\n<p style=\"text-align: justify;\">Se&ntilde;al&oacute; que anteriormente eran solo las Organizaciones No Gubernamentales (ONG) tarifadas las que estaban autorizadas en el pa&iacute;s para tocar temas de DDHH, pero ahora es el Gobierno Bolivariano hermanado con el pueblo quien lo discute.<\/p>\n<p style=\"text-align: justify;\">\u00abLas ONG no defienden los DDHH, no les importan, lo que les importa son los d&oacute;lares\u00bb, subray&oacute; durante el inicio de la consulta en la Plaza Bol&iacute;var.<\/p>\n<p style=\"text-align: justify;\">De igual manera manifest&oacute; que las ONG se han convertido en puntas de lanza para golpear a los gobiernos progresistas de Am&eacute;rica Latina, como se ha demostrado recientemente en Argentina, Brasil y Ecuador.<\/p>\n<p style=\"text-align: justify;\">Por su parte, la viceministra de Comunas, Ros&aacute;ngela Orozco, destac&oacute; que como parte de los cinco ejes de la propuesta inicial del Plan Nacional de Derechos Humanos, su Despacho har&aacute; &eacute;nfasis en el tercero: la participaci&oacute;n protag&oacute;nica del pueblo para el disfrute de sus derechos.<\/p>\n<p style=\"text-align: justify;\">\u00abTenemos la posibilidad y necesidad de aportar a lo que nosotros deseamos que sean los matrices de nuestros derechos humanos, nosotros como Poder Popular organizado debemos garantizar no solo la promoci&oacute;n del plan, debemos garantizar que ese plan se vuelva en acciones concretas, en una letra viva y no muerta\u00bb, se&ntilde;al&oacute; Orozco.<\/p>\n<p style=\"text-align: justify;\">El resto de los ejes del Plan Nacional son la construcci&oacute;n de una cultura emancipadora de derechos humanos, el fortalecimiento de la institucionalidad para su garant&iacute;a, relaci&oacute;n con los sistemas y organismos internacionales abocados a la materia y la profundizaci&oacute;n del Estado venezolano en dicho tema. <strong>AVN<\/strong><\/p>\n","protected":false},"excerpt":{"rendered":"<p>Cortes\u00eda AVN La consulta p&uacute;blica del Plan Nacional de Derechos Humanos 2015-2019 se realizar&aacute; durante agosto en las Plazas Bol&iacute;var, Bri&oacute;n y Catia, en Caracas, con el fin de propiciar un debate amplio entre todos los sectores de la poblaci&oacute;n sobre la materia, anunci&oacute; este lunes el jefe de Gobierno del Distrito Capital, Juan Carlos [&hellip;]<\/p>\n","protected":false},"author":3,"featured_media":0,"comment_status":"closed","ping_status":"open","sticky":false,"template":"","format":"standard","meta":[],"categories":[2],"tags":[],"_links":{"self":[{"href":"https:\/\/www.espromedbio.gob.ve\/inicio\/wp-json\/wp\/v2\/posts\/507"}],"collection":[{"href":"https:\/\/www.espromedbio.gob.ve\/inicio\/wp-json\/wp\/v2\/posts"}],"about":[{"href":"https:\/\/www.espromedbio.gob.ve\/inicio\/wp-json\/wp\/v2\/types\/post"}],"author":[{"embeddable":true,"href":"https:\/\/www.espromedbio.gob.ve\/inicio\/wp-json\/wp\/v2\/users\/3"}],"replies":[{"embeddable":true,"href":"https:\/\/www.espromedbio.gob.ve\/inicio\/wp-json\/wp\/v2\/comments?post=507"}],"version-history":[{"count":1,"href":"https:\/\/www.espromedbio.gob.ve\/inicio\/wp-json\/wp\/v2\/posts\/507\/revisions"}],"predecessor-version":[{"id":886,"href":"https:\/\/www.espromedbio.gob.ve\/inicio\/wp-json\/wp\/v2\/posts\/507\/revisions\/886"}],"wp:attachment":[{"href":"https:\/\/www.espromedbio.gob.ve\/inicio\/wp-json\/wp\/v2\/media?parent=507"}],"wp:term":[{"taxonomy":"category","embeddable":true,"href":"https:\/\/www.espromedbio.gob.ve\/inicio\/wp-json\/wp\/v2\/categories?post=507"},{"taxonomy":"post_tag","embeddable":true,"href":"https:\/\/www.espromedbio.gob.ve\/inicio\/wp-json\/wp\/v2\/tags?post=507"}],"curies":[{"name":"wp","href":"https:\/\/api.w.org\/{rel}","templated":true}]}}