{"id":5376,"date":"2017-05-02T11:12:17","date_gmt":"2017-05-02T15:42:17","guid":{"rendered":"http:\/\/espromedbio.gob.ve\/?p=5376"},"modified":"2017-05-02T11:12:17","modified_gmt":"2017-05-02T15:42:17","slug":"entrevista-a-ministra-de-salud-antonieta-caporale-en-unasur","status":"publish","type":"post","link":"https:\/\/www.espromedbio.gob.ve\/inicio\/entrevista-a-ministra-de-salud-antonieta-caporale-en-unasur\/","title":{"rendered":"Entrevista a Ministra de Salud Antonieta Caporale en UNASUR"},"content":{"rendered":"<p style=\"text-align: center;\"><em>\u201cEl reto m\u00e1s importante es mantener el consenso. Es entender que nosotros tenemos elementos\u00a0comunes y, a pesar de las diferencias que pueden tener los pueblos, de las dificultades econ\u00f3micas, pol\u00edticas y sociales, que la Salud es un derecho fundamental.\u201d<\/em><\/p>\n<p style=\"text-align: justify;\">Venezuela se despide de ocupar la Presidencia Pro Tempore del Consejo de Salud Suramericano en abril. Durante su participaci\u00f3n en la \u00faltima reuni\u00f3n del Consejo en Quito el 31 de marzo, la ministra venezolana habl\u00f3 con Salud al Sur sobre el rol del puesto y sobre los desaf\u00edos a futuro.<\/p>\n<p style=\"text-align: justify;\"><strong>\u00bfC\u00f3mo eval\u00faa los resultados de la reuni\u00f3n de hoy?<\/strong><\/p>\n<p style=\"text-align: justify;\">Poder encontrar a los ministros, los viceministros y sus cuadros t\u00e9cnicos, personas que quieren el bien com\u00fan en Suram\u00e9rica, es siempre algo valioso. Pero lo que ha pasado aqu\u00ed es todav\u00eda mejor, porque de alguna manera hemos llegado a un consenso de altura sobre todos los puntos que se trajeron, tras un debate intenso sobre temas de importancia para toda la regi\u00f3n y para el mundo, pero que vamos a abordarlos desde UNASUR en foros como la Organizaci\u00f3n Mundial de la Salud.<\/p>\n<p style=\"text-align: justify;\"><strong>\u00bfCu\u00e1les fueron los consensos que pudo identificar?<\/strong><\/p>\n<p style=\"text-align: justify;\">Lo que queda claro es que, s\u00ed, hay consenso sobre, por ejemplo, la Salud como calidad de vida, pero tambi\u00e9n relacionada a lo que son los Determinantes Sociales. Aqu\u00ed buscamos entre toda la v\u00eda de la promoci\u00f3n de la Salud y la prevenci\u00f3n de la enfermedad, para disminuir la inversi\u00f3n interminable en lo que son los tratamientos y medicamentos. Muchas veces son medicamentos de alt\u00edsimo costo para enfermedades que van apareciendo y que son producto de estilos de vida poco saludables y h\u00e1bitos de consumo que son impuestos.<\/p>\n<p style=\"text-align: justify;\"><strong>Despu\u00e9s de un a\u00f1o ocupando la Presidencia Pro Tempore que ahora pasa a Argentina, \u00bfcu\u00e1les cree que son los principales retos para el Consejo de Salud y para la integraci\u00f3n regional en general?<\/strong><\/p>\n<p style=\"text-align: justify;\">El reto m\u00e1s importante es mantener el consenso. Es entender que nosotros tenemos elementos comunes y, a pesar de las diferencias que pueden tener los pueblos, de las dificultades econ\u00f3micas, pol\u00edticas y sociales, de las decisiones de colocar un gobernante u otro, que la Salud es un derecho fundamental, que los medicamentos (que debatimos tanto aqu\u00ed) son un bien social y que el acceso a los servicios no puede depender de lo econ\u00f3mico y que tenemos que buscar mecanismos para lograr el bienestar y la suprema felicidad social de los pueblos. Eso no es fundamental y no tiene discusi\u00f3n. Hoy es Venezuela, ma\u00f1ana es Argentina, despu\u00e9s ser\u00e1 Bolivia, Brasil y as\u00ed por delante. Lo importante es saber que la Presidencia se ejerce con un objetivo de elevado nivel \u00e9tico y moral, en donde el ser humano viene primero que cualquier inter\u00e9s pol\u00edtico.<\/p>\n<p style=\"text-align: justify;\"><strong>\u00bfC\u00f3mo cree que el ISAGS puede apoyar al Consejo de Salud en lograr superar estos retos?<\/strong><\/p>\n<p style=\"text-align: justify;\">Ya lo est\u00e1 haciendo. Hoy vimos como el ISAGS present\u00f3 su Informe de Gesti\u00f3n y vimos como ustedes han presentado iniciativas novedosas. La acciones en Salud son un proceso din\u00e1mico y, por lo tanto, necesitamos ese aporte que el ISAGS nos viene dando, incluso facilitando los consensos de que habl\u00e9 hace poco. <strong>Cortes\u00eda Arsenal Terap\u00e9utico.<\/strong><\/p>\n","protected":false},"excerpt":{"rendered":"<p>\u201cEl reto m\u00e1s importante es mantener el consenso. Es entender que nosotros tenemos elementos\u00a0comunes y, a pesar de las diferencias que pueden tener los pueblos, de las dificultades econ\u00f3micas, pol\u00edticas y sociales, que la Salud es un derecho fundamental.\u201d Venezuela se despide de ocupar la Presidencia Pro Tempore del Consejo de Salud Suramericano en abril. [&hellip;]<\/p>\n","protected":false},"author":3,"featured_media":5377,"comment_status":"closed","ping_status":"closed","sticky":false,"template":"","format":"standard","meta":[],"categories":[21,2],"tags":[139,60,28,66],"_links":{"self":[{"href":"https:\/\/www.espromedbio.gob.ve\/inicio\/wp-json\/wp\/v2\/posts\/5376"}],"collection":[{"href":"https:\/\/www.espromedbio.gob.ve\/inicio\/wp-json\/wp\/v2\/posts"}],"about":[{"href":"https:\/\/www.espromedbio.gob.ve\/inicio\/wp-json\/wp\/v2\/types\/post"}],"author":[{"embeddable":true,"href":"https:\/\/www.espromedbio.gob.ve\/inicio\/wp-json\/wp\/v2\/users\/3"}],"replies":[{"embeddable":true,"href":"https:\/\/www.espromedbio.gob.ve\/inicio\/wp-json\/wp\/v2\/comments?post=5376"}],"version-history":[{"count":1,"href":"https:\/\/www.espromedbio.gob.ve\/inicio\/wp-json\/wp\/v2\/posts\/5376\/revisions"}],"predecessor-version":[{"id":5378,"href":"https:\/\/www.espromedbio.gob.ve\/inicio\/wp-json\/wp\/v2\/posts\/5376\/revisions\/5378"}],"wp:featuredmedia":[{"embeddable":true,"href":"https:\/\/www.espromedbio.gob.ve\/inicio\/wp-json\/wp\/v2\/media\/5377"}],"wp:attachment":[{"href":"https:\/\/www.espromedbio.gob.ve\/inicio\/wp-json\/wp\/v2\/media?parent=5376"}],"wp:term":[{"taxonomy":"category","embeddable":true,"href":"https:\/\/www.espromedbio.gob.ve\/inicio\/wp-json\/wp\/v2\/categories?post=5376"},{"taxonomy":"post_tag","embeddable":true,"href":"https:\/\/www.espromedbio.gob.ve\/inicio\/wp-json\/wp\/v2\/tags?post=5376"}],"curies":[{"name":"wp","href":"https:\/\/api.w.org\/{rel}","templated":true}]}}