{"id":5475,"date":"2017-05-10T09:25:27","date_gmt":"2017-05-10T13:55:27","guid":{"rendered":"http:\/\/espromedbio.gob.ve\/?p=5475"},"modified":"2017-05-10T09:25:27","modified_gmt":"2017-05-10T13:55:27","slug":"inmunizados-mas-de-37-000-ninos-en-anzoategui-en-jornada-de-vacunacion-de-las-americas","status":"publish","type":"post","link":"https:\/\/www.espromedbio.gob.ve\/inicio\/inmunizados-mas-de-37-000-ninos-en-anzoategui-en-jornada-de-vacunacion-de-las-americas\/","title":{"rendered":"Inmunizados m\u00e1s de 37.000 ni\u00f1os en Anzo\u00e1tegui en Jornada de Vacunaci\u00f3n de Las Am\u00e9ricas"},"content":{"rendered":"<p style=\"text-align: justify;\"><strong>Barcelona, 09 May. Cortes\u00eda AVN.-<\/strong> Durante la primera semana de la Jornada de Vacunaci\u00f3n de Las Am\u00e9ricas, un total de 37.141 ni\u00f1os y ni\u00f1as de 7 a 15 a\u00f1os de edad han sido inmunizados contra la difteria en el estado Anzo\u00e1tegui, precis\u00f3 la coordinadora del Programa Ampliado de Inmunizaci\u00f3n (PAI), Briceida Figueroa.<!--more--><\/p>\n<p style=\"text-align: justify;\">Record\u00f3 que la meta es aplicar un total de 151.491 vacunas de toxoide dift\u00e9rico tet\u00e1nico para prevenir la difteria, priorizando los municipios Juan Antonio Sotillo, Sim\u00f3n Bol\u00edvar, Aragua, Santa Ana, Pedro Mar\u00eda Freites, Sim\u00f3n Rodr\u00edguez y Francisco de Miranda, donde se registraron mayor n\u00famero de casos en el \u00faltimo trimestre del 2016.<\/p>\n<p style=\"text-align: justify;\">Agreg\u00f3 Figueroa que en la entidad oriental se contabilizan 240 centros ambulatorios prestos y dotados para cumplir con la demanda de la jornada de Las Am\u00e9ricas.<\/p>\n<p style=\"text-align: justify;\">Detall\u00f3 que de lunes a viernes se abordan las instituciones educativas, y los d\u00edas s\u00e1bados y domingos se atiende la poblaci\u00f3n adulta en los sectores populares, acentuando la labor hacia las comunidades de Brisas del Mar, Tronconal y Barrio Sucre del municipio Sim\u00f3n Bol\u00edvar, en Barcelona.<\/p>\n<p style=\"text-align: justify;\">A\u00f1adi\u00f3 que entre los centros de salud se encuentran el ambulatorio de Tronconal V, Al\u00ed Romero, Las Casitas y El Vi\u00f1edo, en Barcelona; la Cl\u00ednica Popular Jes\u00fas de Nazareth, Chupar\u00edn, Oropeza Castillo y Tierra Adentro, en Puerto La Cruz, entre otros, donde se aplicar\u00e1n dosis hasta el pr\u00f3ximo 28 de mayo.<\/p>\n","protected":false},"excerpt":{"rendered":"<p>Barcelona, 09 May. Cortes\u00eda AVN.- Durante la primera semana de la Jornada de Vacunaci\u00f3n de Las Am\u00e9ricas, un total de 37.141 ni\u00f1os y ni\u00f1as de 7 a 15 a\u00f1os de edad han sido inmunizados contra la difteria en el estado Anzo\u00e1tegui, precis\u00f3 la coordinadora del Programa Ampliado de Inmunizaci\u00f3n (PAI), Briceida Figueroa.<\/p>\n","protected":false},"author":3,"featured_media":5476,"comment_status":"closed","ping_status":"closed","sticky":false,"template":"","format":"standard","meta":[],"categories":[21,2],"tags":[66,71,12],"_links":{"self":[{"href":"https:\/\/www.espromedbio.gob.ve\/inicio\/wp-json\/wp\/v2\/posts\/5475"}],"collection":[{"href":"https:\/\/www.espromedbio.gob.ve\/inicio\/wp-json\/wp\/v2\/posts"}],"about":[{"href":"https:\/\/www.espromedbio.gob.ve\/inicio\/wp-json\/wp\/v2\/types\/post"}],"author":[{"embeddable":true,"href":"https:\/\/www.espromedbio.gob.ve\/inicio\/wp-json\/wp\/v2\/users\/3"}],"replies":[{"embeddable":true,"href":"https:\/\/www.espromedbio.gob.ve\/inicio\/wp-json\/wp\/v2\/comments?post=5475"}],"version-history":[{"count":1,"href":"https:\/\/www.espromedbio.gob.ve\/inicio\/wp-json\/wp\/v2\/posts\/5475\/revisions"}],"predecessor-version":[{"id":5477,"href":"https:\/\/www.espromedbio.gob.ve\/inicio\/wp-json\/wp\/v2\/posts\/5475\/revisions\/5477"}],"wp:featuredmedia":[{"embeddable":true,"href":"https:\/\/www.espromedbio.gob.ve\/inicio\/wp-json\/wp\/v2\/media\/5476"}],"wp:attachment":[{"href":"https:\/\/www.espromedbio.gob.ve\/inicio\/wp-json\/wp\/v2\/media?parent=5475"}],"wp:term":[{"taxonomy":"category","embeddable":true,"href":"https:\/\/www.espromedbio.gob.ve\/inicio\/wp-json\/wp\/v2\/categories?post=5475"},{"taxonomy":"post_tag","embeddable":true,"href":"https:\/\/www.espromedbio.gob.ve\/inicio\/wp-json\/wp\/v2\/tags?post=5475"}],"curies":[{"name":"wp","href":"https:\/\/api.w.org\/{rel}","templated":true}]}}