{"id":6102,"date":"2017-10-11T10:07:23","date_gmt":"2017-10-11T14:37:23","guid":{"rendered":"http:\/\/espromedbio.gob.ve\/?p=6102"},"modified":"2017-10-11T10:07:23","modified_gmt":"2017-10-11T14:37:23","slug":"vargas-contara-con-un-nuevo-centro-de-rehabilitacion-y-de-quimioterapia-infantil","status":"publish","type":"post","link":"https:\/\/www.espromedbio.gob.ve\/inicio\/vargas-contara-con-un-nuevo-centro-de-rehabilitacion-y-de-quimioterapia-infantil\/","title":{"rendered":"Vargas contar\u00e1 con un nuevo centro de rehabilitaci\u00f3n y de quimioterapia infantil"},"content":{"rendered":"<p style=\"text-align: justify;\"><strong>Caracas, 11 Oct. Cortes\u00eda AVN.-<\/strong> Pr\u00f3ximamente se inaugurar\u00e1 en el estado\u00a0Vargas\u00a0un\u00a0centro de rehabilitaci\u00f3n y de quimioterapia infantil\u00a0que prestar\u00e1 atenci\u00f3n gratuita a ni\u00f1os y ni\u00f1as con discapacidad y diagnosticados con c\u00e1ncer, anunci\u00f3 este mi\u00e9rcoles el gobernador de esta entidad,Jorge Luis Garc\u00eda Carneiro.<!--more--><\/p>\n<p style=\"text-align: justify;\">Entrevistado en el programa Encendidos, de Venezolana de Televisi\u00f3n, el titular de Vargas mencion\u00f3 que otra obra emblem\u00e1tica ser\u00e1 el\u00a0nuevo bulevar\u00a0que tendr\u00e1 5 kil\u00f3metros y medio de largo desde la plaza Bol\u00edvar de La Guaira hasta Macuto.<\/p>\n<p style=\"text-align: justify;\">Destac\u00f3 que dentro del plan de desarrollo de la entidad se mantendr\u00e1n trabajos destinados al transporte, servicio de agua potable, la actividad tur\u00edstica, recreativa y el ordenamiento territorial.<\/p>\n<p style=\"text-align: justify;\">Para el turismo, Vargas cuenta con 66 playas aptas y tambi\u00e9n dispone de r\u00edos. Adem\u00e1s tiene un telef\u00e9rico en construcci\u00f3n que permitir\u00e1 conectar a los usuarios con la zona de Galip\u00e1n, el Waraira Repano y Caracas.<\/p>\n<p style=\"text-align: justify;\">El gobernador tambi\u00e9n resalt\u00f3 el desarrollo del\u00a0Complejo Hotelero Gran Caribe, ubicado en la parroquia Caraballeda, cuya inauguraci\u00f3n est\u00e1 proyectada para el 2019 y podr\u00e1 generar m\u00e1s de 2.000 empleos directos. Este complejo estar\u00e1 integrado por los antiguos hoteles Sheraton y Hesperia Caribe.<\/p>\n<p style=\"text-align: justify;\">Garc\u00eda Carneiro se\u00f1al\u00f3 que para la optimizaci\u00f3n del servicio de agua potable con el desarrollo de\u00a0nueve plantas desalinizadoras\u00a0de agua a lo largo de la costa varguense y la recuperaci\u00f3n de 34 kil\u00f3metros de tuber\u00eda que estaba en mal estado, para tener hoy un promedio de distribuci\u00f3n de 350 litros del vital l\u00edquido por segundo a los hogares del estado.<\/p>\n<p style=\"text-align: justify;\">En materia de transporte destac\u00f3 la adquisici\u00f3n de\u00a0nuevas 11 unidades\u00a0para mejorar el servicio hacia Carayaca, as\u00ed como las rutas de Caruao a Caracas que eran las m\u00e1s cr\u00edticas. A la par, el Sistema Integral de Transporte Superficial (Sitssa) redoblar\u00e1 la flota para potenciar las rutas hacia la capital de la Rep\u00fablica.<\/p>\n<p style=\"text-align: justify;\">\u00abHemos logrado la independencia del estado Vargas y seguimos trabajando. El potencial tur\u00edstico del eje costero de Vargas es grande\u00bb, por eso \u00abdesde que inici\u00e9 mis funciones como gobernador del estado me he dedicado a embellecerlo, sobre todo barrio adentro\u00bb, expres\u00f3.<\/p>\n<p style=\"text-align: justify;\">Acot\u00f3 que mantendr\u00e1n el empuje de gesti\u00f3n para el desarrollo de canchas deportivas como espacios de paz en los sectores populares, as\u00ed como la inauguraci\u00f3n de escuelas.<\/p>\n","protected":false},"excerpt":{"rendered":"<p>Caracas, 11 Oct. Cortes\u00eda AVN.- Pr\u00f3ximamente se inaugurar\u00e1 en el estado\u00a0Vargas\u00a0un\u00a0centro de rehabilitaci\u00f3n y de quimioterapia infantil\u00a0que prestar\u00e1 atenci\u00f3n gratuita a ni\u00f1os y ni\u00f1as con discapacidad y diagnosticados con c\u00e1ncer, anunci\u00f3 este mi\u00e9rcoles el gobernador de esta entidad,Jorge Luis Garc\u00eda Carneiro.<\/p>\n","protected":false},"author":3,"featured_media":6103,"comment_status":"closed","ping_status":"closed","sticky":false,"template":"","format":"standard","meta":[],"categories":[21,2],"tags":[27,66],"_links":{"self":[{"href":"https:\/\/www.espromedbio.gob.ve\/inicio\/wp-json\/wp\/v2\/posts\/6102"}],"collection":[{"href":"https:\/\/www.espromedbio.gob.ve\/inicio\/wp-json\/wp\/v2\/posts"}],"about":[{"href":"https:\/\/www.espromedbio.gob.ve\/inicio\/wp-json\/wp\/v2\/types\/post"}],"author":[{"embeddable":true,"href":"https:\/\/www.espromedbio.gob.ve\/inicio\/wp-json\/wp\/v2\/users\/3"}],"replies":[{"embeddable":true,"href":"https:\/\/www.espromedbio.gob.ve\/inicio\/wp-json\/wp\/v2\/comments?post=6102"}],"version-history":[{"count":1,"href":"https:\/\/www.espromedbio.gob.ve\/inicio\/wp-json\/wp\/v2\/posts\/6102\/revisions"}],"predecessor-version":[{"id":6104,"href":"https:\/\/www.espromedbio.gob.ve\/inicio\/wp-json\/wp\/v2\/posts\/6102\/revisions\/6104"}],"wp:featuredmedia":[{"embeddable":true,"href":"https:\/\/www.espromedbio.gob.ve\/inicio\/wp-json\/wp\/v2\/media\/6103"}],"wp:attachment":[{"href":"https:\/\/www.espromedbio.gob.ve\/inicio\/wp-json\/wp\/v2\/media?parent=6102"}],"wp:term":[{"taxonomy":"category","embeddable":true,"href":"https:\/\/www.espromedbio.gob.ve\/inicio\/wp-json\/wp\/v2\/categories?post=6102"},{"taxonomy":"post_tag","embeddable":true,"href":"https:\/\/www.espromedbio.gob.ve\/inicio\/wp-json\/wp\/v2\/tags?post=6102"}],"curies":[{"name":"wp","href":"https:\/\/api.w.org\/{rel}","templated":true}]}}