{"id":6207,"date":"2017-11-01T11:45:15","date_gmt":"2017-11-01T16:15:15","guid":{"rendered":"http:\/\/espromedbio.gob.ve\/?p=6207"},"modified":"2017-11-01T11:45:15","modified_gmt":"2017-11-01T16:15:15","slug":"originalidad-y-vistosidad-en-ruta-de-los-artesanos","status":"publish","type":"post","link":"https:\/\/www.espromedbio.gob.ve\/inicio\/originalidad-y-vistosidad-en-ruta-de-los-artesanos\/","title":{"rendered":"Originalidad y vistosidad en Ruta de los Artesanos"},"content":{"rendered":"<p style=\"text-align: justify;\"><strong>Caracas, 31.10.17 (Prensa MPPS\/Espromed BIO).- <\/strong>Diversidad de productos y dise\u00f1os elaborados en distintos materiales que hacen gala de la creatividad del venezolano fueron exhibidos este martes en la Ruta de los Artesanos, exposici\u00f3n que todos los a\u00f1os organiza la Empresa Socialista para la Producci\u00f3n de Medicamentos Biol\u00f3gicos (Espromed BIO), C.A., adscrita al Ministerio del Poder Popular para la Salud (MPPS).<!--more--><\/p>\n<p style=\"text-align: justify;\">\n<p style=\"text-align: justify;\"><a href=\"http:\/\/espromedbio.gob.ve\/wp-content\/uploads\/2017\/11\/MG_6272.jpg\"><img loading=\"lazy\" class=\"alignleft size-thumbnail wp-image-6209\" src=\"http:\/\/espromedbio.gob.ve\/wp-content\/uploads\/2017\/11\/MG_6272-150x150.jpg\" alt=\"_MG_6272\" width=\"150\" height=\"150\" srcset=\"https:\/\/www.espromedbio.gob.ve\/wp-content\/uploads\/2017\/11\/MG_6272-150x150.jpg 150w, https:\/\/www.espromedbio.gob.ve\/wp-content\/uploads\/2017\/11\/MG_6272-380x380.jpg 380w\" sizes=\"(max-width: 150px) 100vw, 150px\" \/><\/a>Por tercer a\u00f1o consecutivo, el encuentro que impulsa la Oficina de Comunicaci\u00f3n y Relaciones Interinstitucionales de Espromed aglutina a destacados creadores de orfebrer\u00eda, bisuter\u00eda, tejidos, alambrismo, tallas en hueso y madera, accesorios en cuero y dulcer\u00eda pertenecientes a la Red de Arte, feria itinerante que se instala en las plazas Venezuela,\u00a0Sucre y El Venezolano del Distrito Capital.<\/p>\n<p style=\"text-align: justify;\">\n<p style=\"text-align: justify;\">La originalidad y vistosidad de las piezas, la posibilidad de fabricarlas a gusto del cliente y los precios asequibles marcaron la diferencia. Por ejemplo a Mar\u00eda Escobar (Coordinaci\u00f3n de Metrolog\u00eda-Gerencia de Gesti\u00f3n de la Calidad de la Planta de Biol\u00f3gicos) le llamaron la atenci\u00f3n los su\u00e9teres tejidos en nylon y las pulser<a href=\"http:\/\/espromedbio.gob.ve\/wp-content\/uploads\/2017\/11\/MG_6278.jpg\"><img loading=\"lazy\" class=\"wp-image-6211 size-medium alignright\" src=\"http:\/\/espromedbio.gob.ve\/wp-content\/uploads\/2017\/11\/MG_6278-300x172.jpg\" alt=\"_MG_6278\" width=\"300\" height=\"172\" srcset=\"https:\/\/www.espromedbio.gob.ve\/wp-content\/uploads\/2017\/11\/MG_6278-300x172.jpg 300w, https:\/\/www.espromedbio.gob.ve\/wp-content\/uploads\/2017\/11\/MG_6278.jpg 500w\" sizes=\"(max-width: 300px) 100vw, 300px\" \/><\/a>as elaboradas en cuero, \u201clos precios me parecieron m\u00e1s econ\u00f3micos de lo que pens\u00e1bamos\u201d.<\/p>\n<p>&nbsp;<\/p>\n<p style=\"text-align: justify;\">A Jos\u00e9 Manuel Mora (Producci\u00f3n, Planta de Especialidades Farmac\u00e9uticas) le pareci\u00f3 acertada la feria, sobre todo por la cercan\u00eda de la navidad, porque es una opci\u00f3n para adquirir algunos regalos. Aprovech\u00f3 comprar unas cadenas a precios asequibles.<\/p>\n<p style=\"text-align: justify;\">\n<p style=\"text-align: justify;\">Otra de las opiniones fue la expresada por Lila Linares (Aseguramiento de la Calidad, Planta de Especialidades Farmac\u00e9uticas): \u201cEs\u00a0genial porque son productos elaborados con mucha creatividad, se ven cosas muy lindas, me gustar\u00eda llevarlas todas. Tambi\u00e9n es excelente la atenci\u00f3n de los expositores, el ambiente, la m\u00fasica, todo se presta para que se d\u00e9 esta ruta artesanal. Los precios son econ\u00f3micos, me gustaron unos collares y unos zarcillos\u201d.<\/p>\n<p><strong>Arte para todos los gustos<\/strong><\/p>\n<p><strong><img loading=\"lazy\" class=\"wp-image-6210 size-thumbnail alignleft\" src=\"http:\/\/espromedbio.gob.ve\/wp-content\/uploads\/2017\/11\/MG_6277-150x150.jpg\" alt=\"_MG_6277\" width=\"150\" height=\"150\" srcset=\"https:\/\/www.espromedbio.gob.ve\/wp-content\/uploads\/2017\/11\/MG_6277-150x150.jpg 150w, https:\/\/www.espromedbio.gob.ve\/wp-content\/uploads\/2017\/11\/MG_6277-380x380.jpg 380w\" sizes=\"(max-width: 150px) 100vw, 150px\" \/><\/strong><\/p>\n<p style=\"text-align: justify;\">El tejido en macram\u00e9 y pabilo es la especialidad de Judith Rodr\u00edguez, quien vuelca sus diez a\u00f1os de experiencia en la confecci\u00f3n de chalecos,\u00a0gorros, bufandas, collares y su\u00e9teres. \u201dComo persona con discapacidad, en la Red de Arte me dieron la oportunidad y gracias a Dios con esto he podido salir adelante\u201d. Es la segunda vez que Judith viene a la feria artesanal de Espromed, donde asegura que le ha ido bien.<\/p>\n<p style=\"text-align: justify;\">\n<p style=\"text-align: justify;\">\n<p style=\"text-align: justify;\">Por el contrario, Miguel \u00c1ngel L\u00f3pez es la primera vez que participa en esta exhibici\u00f3n, la cual le pareci\u00f3 bien organizada y con buena atenci\u00f3n.Elabora piezas en cuero, madera y aluminio reciclado; tiene 20 a\u00f1os dedicado al trabajo artesanal donde se inici\u00f3 haciendo zarcillos con alambrismo, para luego incursionar en otras t\u00e9cnicas.<\/p>\n<p style=\"text-align: justify;\"><a href=\"http:\/\/espromedbio.gob.ve\/wp-content\/uploads\/2017\/11\/MG_6316.jpg\"><img loading=\"lazy\" class=\"wp-image-6214 size-medium alignleft\" src=\"http:\/\/espromedbio.gob.ve\/wp-content\/uploads\/2017\/11\/MG_6316-300x218.jpg\" alt=\"_MG_6316\" width=\"300\" height=\"218\" srcset=\"https:\/\/www.espromedbio.gob.ve\/wp-content\/uploads\/2017\/11\/MG_6316-300x218.jpg 300w, https:\/\/www.espromedbio.gob.ve\/wp-content\/uploads\/2017\/11\/MG_6316.jpg 500w\" sizes=\"(max-width: 300px) 100vw, 300px\" \/><\/a><\/p>\n<p style=\"text-align: justify;\">\n<p>&nbsp;<\/p>\n<p>&nbsp;<\/p>\n<p>&nbsp;<\/p>\n<p>&nbsp;<\/p>\n<p style=\"text-align: justify;\">El chocolate no pod\u00eda faltar, en esta ocasi\u00f3n de la mano de Marbin S\u00e1nchez: \u201c\u00c9sta es la segunda vez que vengo, la atenci\u00f3n ha sido maravillosa. Somos una empresa familiar (Pan con Chocolate) donde estamos mi pap\u00e1 -que es <a href=\"http:\/\/espromedbio.gob.ve\/wp-content\/uploads\/2017\/11\/MG_6301.jpg\"><img loading=\"lazy\" class=\"size-thumbnail wp-image-6213 alignright\" src=\"http:\/\/espromedbio.gob.ve\/wp-content\/uploads\/2017\/11\/MG_6301-150x150.jpg\" alt=\"_MG_6301\" width=\"150\" height=\"150\" \/><\/a>orfebre- y yo, trabajamos con dulces artesanales y cacao. Compramos el cacao, lo tostamos, lo descascarillamos y hacemos todos nuestros productos (chupetas, ponquecitos, caramelos masticables, tortas, cacao en polvo). Tambi\u00e9n tenemos una l\u00ednea libre de gluten para las personas con condiciones especiales y dulcer\u00eda tradicional\u201d, expres\u00f3 Marbin a quien pueden escribirle a <a href=\"mailto:panconchocolate@gmail.com\">panconchocolate@gmail.com<\/a>.<\/p>\n","protected":false},"excerpt":{"rendered":"<p>Caracas, 31.10.17 (Prensa MPPS\/Espromed BIO).- Diversidad de productos y dise\u00f1os elaborados en distintos materiales que hacen gala de la creatividad del venezolano fueron exhibidos este martes en la Ruta de los Artesanos, exposici\u00f3n que todos los a\u00f1os organiza la Empresa Socialista para la Producci\u00f3n de Medicamentos Biol\u00f3gicos (Espromed BIO), C.A., adscrita al Ministerio del Poder [&hellip;]<\/p>\n","protected":false},"author":3,"featured_media":6212,"comment_status":"closed","ping_status":"closed","sticky":false,"template":"","format":"standard","meta":[],"categories":[2],"tags":[175,103],"_links":{"self":[{"href":"https:\/\/www.espromedbio.gob.ve\/inicio\/wp-json\/wp\/v2\/posts\/6207"}],"collection":[{"href":"https:\/\/www.espromedbio.gob.ve\/inicio\/wp-json\/wp\/v2\/posts"}],"about":[{"href":"https:\/\/www.espromedbio.gob.ve\/inicio\/wp-json\/wp\/v2\/types\/post"}],"author":[{"embeddable":true,"href":"https:\/\/www.espromedbio.gob.ve\/inicio\/wp-json\/wp\/v2\/users\/3"}],"replies":[{"embeddable":true,"href":"https:\/\/www.espromedbio.gob.ve\/inicio\/wp-json\/wp\/v2\/comments?post=6207"}],"version-history":[{"count":1,"href":"https:\/\/www.espromedbio.gob.ve\/inicio\/wp-json\/wp\/v2\/posts\/6207\/revisions"}],"predecessor-version":[{"id":6215,"href":"https:\/\/www.espromedbio.gob.ve\/inicio\/wp-json\/wp\/v2\/posts\/6207\/revisions\/6215"}],"wp:featuredmedia":[{"embeddable":true,"href":"https:\/\/www.espromedbio.gob.ve\/inicio\/wp-json\/wp\/v2\/media\/6212"}],"wp:attachment":[{"href":"https:\/\/www.espromedbio.gob.ve\/inicio\/wp-json\/wp\/v2\/media?parent=6207"}],"wp:term":[{"taxonomy":"category","embeddable":true,"href":"https:\/\/www.espromedbio.gob.ve\/inicio\/wp-json\/wp\/v2\/categories?post=6207"},{"taxonomy":"post_tag","embeddable":true,"href":"https:\/\/www.espromedbio.gob.ve\/inicio\/wp-json\/wp\/v2\/tags?post=6207"}],"curies":[{"name":"wp","href":"https:\/\/api.w.org\/{rel}","templated":true}]}}