{"id":7839,"date":"2018-08-27T12:34:24","date_gmt":"2018-08-27T17:04:24","guid":{"rendered":"http:\/\/espromedbio.gob.ve\/?p=7839"},"modified":"2018-08-27T12:53:53","modified_gmt":"2018-08-27T17:23:53","slug":"universidad-de-ciencias-de-la-salud-abrio-preinscripcion-para-medicina-integral-comunitaria","status":"publish","type":"post","link":"https:\/\/www.espromedbio.gob.ve\/inicio\/universidad-de-ciencias-de-la-salud-abrio-preinscripcion-para-medicina-integral-comunitaria\/","title":{"rendered":"Universidad de Ciencias de la Salud abri\u00f3 preinscripci\u00f3n para medicina integral comunitaria"},"content":{"rendered":"<div class=\"arriba\">\n<div class=\"inside\">\n<div class=\"panels_pane panel-pane pane-views pane-nodos\">\n<div class=\"pane-content\">\n<div class=\"views_view view view-Nodos view-id-Nodos view-display-id-block_1 view-dom-id-91749aed780aef71bbfe54ba2995b6df\">\n<div class=\"view-content\">\n<div class=\"views-row views-row-1 views-row-odd views-row-first views-row-last\">\n<div class=\"noticia-encabezado\">\n<div class=\"titulo\" style=\"text-align: justify;\">La Universidad de Ciencias de la Salud \u201cHugo Ch\u00e1vez Fr\u00edas\u201d abri\u00f3 el proceso de preinscripci\u00f3n del curso introductorio para las carreras de medicina integral comunitaria, fisioterapia, radioimagenolog\u00eda, enfermer\u00eda integral comunitaria y odontolog\u00eda.<\/div>\n<div style=\"text-align: justify;\"><\/div>\n<\/div>\n<\/div>\n<\/div>\n<\/div>\n<\/div>\n<\/div>\n<\/div>\n<\/div>\n<p style=\"text-align: justify;\"><!--more--><\/p>\n<div class=\"medio\">\n<div class=\"izquierda\">\n<div class=\"inside\">\n<div class=\"panels_pane panel-pane pane-views pane-nodos\">\n<div class=\"pane-content\">\n<div class=\"views_view view view-Nodos view-id-Nodos view-display-id-block_2 view-dom-id-2aeab9c0c386ebab4e5b189583ff1f78\">\n<div class=\"view-content\">\n<div class=\"views-row views-row-1 views-row-odd views-row-first views-row-last\">\n<div class=\"noticia-cuerpo\">\n<div class=\"contenido\">\n<p style=\"text-align: justify;\">En total, se garantizar\u00e1n 50.000 cupos por lo que los interesados deben proceder a la preinscripci\u00f3n para el curso introductorio durante el mes de agosto y hasta el 9 de septiembre.<\/p>\n<p style=\"text-align: justify;\">Las personas deben ingresar a la p\u00e1gina\u00a0<a title=\"www.ucs.gob.ve\" href=\"http:\/\/www.ucs.gob.ve\/\">www.ucs.gob.ve<\/a>\u00a0donde se especifican los requisitos y recaudos. Tambi\u00e9n pueden acudir al Centro de Diagn\u00f3stico Integral (CDI) m\u00e1s cercano, o al n\u00facleo de la universidad en cada uno de los estados.<\/p>\n<p style=\"text-align: justify;\">En el caso de medicina integral comunitaria, el curso introductorio comenzar\u00e1 a finales de septiembre y culminar\u00e1 en diciembre. Una vez aprobado, el aspirante iniciar\u00e1 en enero de 2019 el primer a\u00f1o de la carrera que dura seis a\u00f1os. Los consejos comunales y los comit\u00e9s de salud deben postular a los bachilleres interesados.\u00a0T<strong>\/AVN \/\u00a0<\/strong><strong>F\/@MPPSalud<\/strong><\/p>\n<\/div>\n<\/div>\n<\/div>\n<\/div>\n<\/div>\n<\/div>\n<\/div>\n<\/div>\n<\/div>\n<\/div>\n","protected":false},"excerpt":{"rendered":"<p>La Universidad de Ciencias de la Salud \u201cHugo Ch\u00e1vez Fr\u00edas\u201d abri\u00f3 el proceso de preinscripci\u00f3n del curso introductorio para las carreras de medicina integral comunitaria, fisioterapia, radioimagenolog\u00eda, enfermer\u00eda integral comunitaria y odontolog\u00eda.<\/p>\n","protected":false},"author":3,"featured_media":7842,"comment_status":"closed","ping_status":"closed","sticky":false,"template":"","format":"standard","meta":[],"categories":[21,2],"tags":[66,233],"_links":{"self":[{"href":"https:\/\/www.espromedbio.gob.ve\/inicio\/wp-json\/wp\/v2\/posts\/7839"}],"collection":[{"href":"https:\/\/www.espromedbio.gob.ve\/inicio\/wp-json\/wp\/v2\/posts"}],"about":[{"href":"https:\/\/www.espromedbio.gob.ve\/inicio\/wp-json\/wp\/v2\/types\/post"}],"author":[{"embeddable":true,"href":"https:\/\/www.espromedbio.gob.ve\/inicio\/wp-json\/wp\/v2\/users\/3"}],"replies":[{"embeddable":true,"href":"https:\/\/www.espromedbio.gob.ve\/inicio\/wp-json\/wp\/v2\/comments?post=7839"}],"version-history":[{"count":1,"href":"https:\/\/www.espromedbio.gob.ve\/inicio\/wp-json\/wp\/v2\/posts\/7839\/revisions"}],"predecessor-version":[{"id":7841,"href":"https:\/\/www.espromedbio.gob.ve\/inicio\/wp-json\/wp\/v2\/posts\/7839\/revisions\/7841"}],"wp:featuredmedia":[{"embeddable":true,"href":"https:\/\/www.espromedbio.gob.ve\/inicio\/wp-json\/wp\/v2\/media\/7842"}],"wp:attachment":[{"href":"https:\/\/www.espromedbio.gob.ve\/inicio\/wp-json\/wp\/v2\/media?parent=7839"}],"wp:term":[{"taxonomy":"category","embeddable":true,"href":"https:\/\/www.espromedbio.gob.ve\/inicio\/wp-json\/wp\/v2\/categories?post=7839"},{"taxonomy":"post_tag","embeddable":true,"href":"https:\/\/www.espromedbio.gob.ve\/inicio\/wp-json\/wp\/v2\/tags?post=7839"}],"curies":[{"name":"wp","href":"https:\/\/api.w.org\/{rel}","templated":true}]}}