{"id":8242,"date":"2018-09-25T09:49:49","date_gmt":"2018-09-25T13:49:49","guid":{"rendered":"http:\/\/espromedbio.gob.ve\/?p=8242"},"modified":"2018-09-25T09:49:49","modified_gmt":"2018-09-25T13:49:49","slug":"universidad-de-ciencias-de-la-salud-comenzara-programa-formativo-de-medicina-en-enero-de-2019","status":"publish","type":"post","link":"https:\/\/www.espromedbio.gob.ve\/inicio\/universidad-de-ciencias-de-la-salud-comenzara-programa-formativo-de-medicina-en-enero-de-2019\/","title":{"rendered":"Universidad de Ciencias de la Salud comenzar\u00e1 programa formativo de medicina en enero de 2019"},"content":{"rendered":"<p style=\"text-align: justify;\" data-v-fb8b8a8a=\"\"><b data-v-fb8b8a8a=\"\">Caracas, 24.09.18 (Cortes\u00eda AVN).-\u00a0<\/b>La Universidad de las Ciencias de la Salud \u00abHugo Ch\u00e1vez Fr\u00edas\u00bb\u00a0comenzar\u00e1 su ciclo formativo en la carrera de\u00a0medicina integral comunitaria\u00a0a partir de enero de 2019.<!--more--><\/p>\n<p>La informaci\u00f3n la dio a conocer el Ministerio para la Salud a trav\u00e9s de su cuenta en Twitter, donde detall\u00f3 que la instituci\u00f3n ofrece estudios de medicina integral comunitaria, enfermer\u00eda integral comunitaria, fisioterapia, radioimagenolog\u00eda, odontolog\u00eda, fonoaudiolog\u00eda y terapia ocupacional.<\/p>\n<p>Las personas que est\u00e9n interesadas pueden inscribirse por medio del portal web\u00a0www.ucs.gob.ve, donde se especifican los requisitos y recaudos.<\/p>\n<p>Esto forma parte de las solicitudes que hiciera el presidente de la Rep\u00fablica,\u00a0Nicol\u00e1s Maduro, en el I Congreso Revolucionario de la Salud, el pasado 24 de agosto, donde invit\u00f3 a la poblaci\u00f3n a unirse a la gran causa que significa el Sistema \u00danico de Salud P\u00fablico, para fortalecer desde la Universidad de las Ciencias Hugo Ch\u00e1vez la formaci\u00f3n de los especialistas y llegar as\u00ed a la meta de unos 100 mil m\u00e9dicos.<\/p>\n<p>En el caso de medicina integral comunitaria, el curso introductorio culminar\u00e1 en diciembre. Una vez aprobado, el aspirante iniciar\u00e1 en enero de 2019 el primer a\u00f1o de la carrera que dura seis a\u00f1os. Los consejos comunales y los comit\u00e9s de salud deben postular a los bachilleres interesados.\u00a0<strong>Foto:\u00a0Alexander G\u00f3mez, AVN<\/strong><\/p>\n","protected":false},"excerpt":{"rendered":"<p>Caracas, 24.09.18 (Cortes\u00eda AVN).-\u00a0La Universidad de las Ciencias de la Salud \u00abHugo Ch\u00e1vez Fr\u00edas\u00bb\u00a0comenzar\u00e1 su ciclo formativo en la carrera de\u00a0medicina integral comunitaria\u00a0a partir de enero de 2019.<\/p>\n","protected":false},"author":3,"featured_media":8243,"comment_status":"closed","ping_status":"closed","sticky":false,"template":"","format":"standard","meta":[],"categories":[21,2],"tags":[34,20,60,66],"_links":{"self":[{"href":"https:\/\/www.espromedbio.gob.ve\/inicio\/wp-json\/wp\/v2\/posts\/8242"}],"collection":[{"href":"https:\/\/www.espromedbio.gob.ve\/inicio\/wp-json\/wp\/v2\/posts"}],"about":[{"href":"https:\/\/www.espromedbio.gob.ve\/inicio\/wp-json\/wp\/v2\/types\/post"}],"author":[{"embeddable":true,"href":"https:\/\/www.espromedbio.gob.ve\/inicio\/wp-json\/wp\/v2\/users\/3"}],"replies":[{"embeddable":true,"href":"https:\/\/www.espromedbio.gob.ve\/inicio\/wp-json\/wp\/v2\/comments?post=8242"}],"version-history":[{"count":1,"href":"https:\/\/www.espromedbio.gob.ve\/inicio\/wp-json\/wp\/v2\/posts\/8242\/revisions"}],"predecessor-version":[{"id":8244,"href":"https:\/\/www.espromedbio.gob.ve\/inicio\/wp-json\/wp\/v2\/posts\/8242\/revisions\/8244"}],"wp:featuredmedia":[{"embeddable":true,"href":"https:\/\/www.espromedbio.gob.ve\/inicio\/wp-json\/wp\/v2\/media\/8243"}],"wp:attachment":[{"href":"https:\/\/www.espromedbio.gob.ve\/inicio\/wp-json\/wp\/v2\/media?parent=8242"}],"wp:term":[{"taxonomy":"category","embeddable":true,"href":"https:\/\/www.espromedbio.gob.ve\/inicio\/wp-json\/wp\/v2\/categories?post=8242"},{"taxonomy":"post_tag","embeddable":true,"href":"https:\/\/www.espromedbio.gob.ve\/inicio\/wp-json\/wp\/v2\/tags?post=8242"}],"curies":[{"name":"wp","href":"https:\/\/api.w.org\/{rel}","templated":true}]}}