{"id":8262,"date":"2018-09-26T10:29:52","date_gmt":"2018-09-26T14:29:52","guid":{"rendered":"http:\/\/espromedbio.gob.ve\/?p=8262"},"modified":"2018-09-26T10:30:32","modified_gmt":"2018-09-26T14:30:32","slug":"inicia-curso-de-induccion-para-el-componente-fuerza-de-tarea-del-sector-salud","status":"publish","type":"post","link":"https:\/\/www.espromedbio.gob.ve\/inicio\/inicia-curso-de-induccion-para-el-componente-fuerza-de-tarea-del-sector-salud\/","title":{"rendered":"Inicia curso de inducci\u00f3n para el componente Fuerza de Tarea del sector salud"},"content":{"rendered":"<p>&nbsp;<\/p>\n<p><img loading=\"lazy\" class=\"wp-image-8263 aligncenter\" src=\"http:\/\/espromedbio.gob.ve\/wp-content\/uploads\/2018\/09\/curso-de-inducci\u00f3n-para-el-componente-Fuerza-de-Tarea.png\" alt=\"\" width=\"500\" height=\"350\" \/><\/p>\n<p style=\"text-align: justify;\"><strong>Caracas,26\/09\/18. (Cortes\u00eda del MINCI).<\/strong>-Como parte de la capacitaci\u00f3n eficaz y oportuna que se desarrolla con m\u00e9dicos y especialistas del Ministerio del Poder Popular para la Salud, este martes inici\u00f3 un\u00a0<strong>curso de inducci\u00f3n<\/strong>\u00a0para el componente\u00a0<strong>Fuerza de Tarea del sector salud<\/strong>, efectuado por la Direcci\u00f3n Nacional de Protecci\u00f3n Civil, que cont\u00f3 con un total de\u00a0<strong>30 participantes<\/strong>.<\/p>\n<p style=\"text-align: justify;\">\u201cEl objetivo es incorporar el componente m\u00e9dico para el fortalecimiento en la asistencia nacional e internacional a las operaciones de b\u00fasqueda y salvamento, producto de cat\u00e1strofes y desastres de origen natural o antr\u00f3pico\u201d, mencion\u00f3 el\u00a0viceministro de Gesti\u00f3n de Riesgo y Protecci\u00f3n Civil, Randy Rodr\u00edguez.<\/p>\n<p style=\"text-align: justify;\">Asimismo, Rodr\u00edguez, mencion\u00f3 que la capacitaci\u00f3n tiene como fin desarrollar un conjunto\u00a0de conocimientos te\u00f3ricos-pr\u00e1cticos para dar respuesta de manera\u00a0oportuna y unificada en acciones de apoyo como personal agregado de la Fuerza de Tarea Humanitaria Sim\u00f3n Bol\u00edvar.<\/p>\n<p style=\"text-align: justify;\">El curso de inducci\u00f3n cuenta con especialistas en la materia donde se presentar\u00e1n los siguientes temas: La Organizaci\u00f3n Nacional de Protecci\u00f3n Civil y Administraci\u00f3n de Desastres, Plan Local para Emergencias; Soporte B\u00e1sico de Vida y Operaciones de Respuesta ante Desastres. Esta inducci\u00f3n consta de 32 horas acad\u00e9micas durante cuatro d\u00edas continuos.<\/p>\n<p style=\"text-align: justify;\"><strong>Fuerza de Tarea<\/strong><\/p>\n<p style=\"text-align: justify;\">En este sentido, el tambi\u00e9n Director de Protecci\u00f3n Civil, manifest\u00f3 que la Fuerza de Tarea Humanitaria Sim\u00f3n Bol\u00edvar, fue creada por el presidente Hugo Ch\u00e1vez en Junio del 2005, seg\u00fan decreto 3.697.<\/p>\n<p style=\"text-align: justify;\">En este decreto se se\u00f1ala la Fuerza de Tarea como una unidad profesional, multidisciplinaria y multisectorial con capacidad de actuaci\u00f3n nacional e internacional, cuya organizaci\u00f3n estructural y funcionamiento estar\u00e1 regulada por el Ministerio para Relaciones Interiores, Justicia y Paz, a trav\u00e9s de Protecci\u00f3n Civil.<\/p>\n<p style=\"text-align: justify;\">De esta manera, acot\u00f3 Rodr\u00edguez que Fuerza de Tarea tiene 13 a\u00f1os trabajando, donde han tenido un r\u00e9cord importante. Dentro de ese decreto destacan dos aspectos importantes: \u201cEl primero es la misi\u00f3n del componente multidisciplinario, que es coordinar y ejecutar operaciones de prevenci\u00f3n y atenci\u00f3n de desastres de origen natural o antr\u00f3pico, con condiciones coordinada\u201d, explic\u00f3.<\/p>\n<p style=\"text-align: justify;\">Por consiguiente, el segundo se\u00f1ala que Fuerza de Tarea est\u00e1 compuesta por funcionarios de la Direcci\u00f3n Nacional\u00a0\u00a0de Protecci\u00f3n Civil y Administraci\u00f3n de Desastres, \u201cPersonal agregado de manera transitoria que pertenecen a las Protecciones Civiles regionales y municipales, as\u00ed como profesionales de los \u00f3rganos sectoriales y las agrupaciones voluntarias\u201d, detall\u00f3 el viceministro.<\/p>\n<p style=\"text-align: justify;\">\u201cEs importante destacar, que este es el primer curso que se realiza de manera de inducci\u00f3n a la Fuerza de tarea Humanitaria Sim\u00f3n Bol\u00edvar, como parte de las pol\u00edticas p\u00fablicas\u201d, agreg\u00f3.<\/p>\n","protected":false},"excerpt":{"rendered":"<p>&nbsp; Caracas,26\/09\/18. (Cortes\u00eda del MINCI).-Como parte de la capacitaci\u00f3n eficaz y oportuna que se desarrolla con m\u00e9dicos y especialistas del Ministerio del Poder Popular para la Salud, este martes inici\u00f3 un\u00a0curso de inducci\u00f3n\u00a0para el componente\u00a0Fuerza de Tarea del sector salud, efectuado por la Direcci\u00f3n Nacional de Protecci\u00f3n Civil, que cont\u00f3 con un total de\u00a030 participantes. [&hellip;]<\/p>\n","protected":false},"author":3,"featured_media":8263,"comment_status":"closed","ping_status":"closed","sticky":false,"template":"","format":"standard","meta":[],"categories":[21,2],"tags":[23,38,18,198,66],"_links":{"self":[{"href":"https:\/\/www.espromedbio.gob.ve\/inicio\/wp-json\/wp\/v2\/posts\/8262"}],"collection":[{"href":"https:\/\/www.espromedbio.gob.ve\/inicio\/wp-json\/wp\/v2\/posts"}],"about":[{"href":"https:\/\/www.espromedbio.gob.ve\/inicio\/wp-json\/wp\/v2\/types\/post"}],"author":[{"embeddable":true,"href":"https:\/\/www.espromedbio.gob.ve\/inicio\/wp-json\/wp\/v2\/users\/3"}],"replies":[{"embeddable":true,"href":"https:\/\/www.espromedbio.gob.ve\/inicio\/wp-json\/wp\/v2\/comments?post=8262"}],"version-history":[{"count":2,"href":"https:\/\/www.espromedbio.gob.ve\/inicio\/wp-json\/wp\/v2\/posts\/8262\/revisions"}],"predecessor-version":[{"id":8265,"href":"https:\/\/www.espromedbio.gob.ve\/inicio\/wp-json\/wp\/v2\/posts\/8262\/revisions\/8265"}],"wp:featuredmedia":[{"embeddable":true,"href":"https:\/\/www.espromedbio.gob.ve\/inicio\/wp-json\/wp\/v2\/media\/8263"}],"wp:attachment":[{"href":"https:\/\/www.espromedbio.gob.ve\/inicio\/wp-json\/wp\/v2\/media?parent=8262"}],"wp:term":[{"taxonomy":"category","embeddable":true,"href":"https:\/\/www.espromedbio.gob.ve\/inicio\/wp-json\/wp\/v2\/categories?post=8262"},{"taxonomy":"post_tag","embeddable":true,"href":"https:\/\/www.espromedbio.gob.ve\/inicio\/wp-json\/wp\/v2\/tags?post=8262"}],"curies":[{"name":"wp","href":"https:\/\/api.w.org\/{rel}","templated":true}]}}