{"id":8536,"date":"2018-10-11T09:42:35","date_gmt":"2018-10-11T13:42:35","guid":{"rendered":"http:\/\/espromedbio.gob.ve\/?p=8536"},"modified":"2018-10-11T09:47:45","modified_gmt":"2018-10-11T13:47:45","slug":"ejecutivo-firmo-acuerdo-para-precios-acordados-de-las-medicinas","status":"publish","type":"post","link":"https:\/\/www.espromedbio.gob.ve\/inicio\/ejecutivo-firmo-acuerdo-para-precios-acordados-de-las-medicinas\/","title":{"rendered":"Ejecutivo firm\u00f3 acuerdo para precios acordados de las medicinas"},"content":{"rendered":"<p style=\"text-align: justify;\" data-v-fb8b8a8a=\"\"><b data-v-fb8b8a8a=\"\">Caracas, 10.10.18 (Cortes\u00eda AVN).-\u00a0<\/b>El vicepresidente sectorial del \u00c1rea Econ\u00f3mica,\u00a0Tareck El Aissami, firm\u00f3 este mi\u00e9rcoles\u00a0acuerdos\u00a0con 15 laboratorios\u00a0de medicamentos,\u00a0ocho droguer\u00edas\u00a0y\u00a0cinco cadenas farmac\u00e9uticas\u00a0del pa\u00eds, para establecer\u00a0precios acordados\u00a0de las medicinas.<!--more--><\/p>\n<p style=\"text-align: justify;\">Desde la sede del Ministerio de Econom\u00eda y Finanzas, en Caracas, El Aissami precis\u00f3 que los precios acordados aplicar\u00e1n para\u00a057 principios activos, que a su vez se trasladan a\u00a0172 presentaciones comerciales\u00a0de medicamentos.<\/p>\n<p style=\"text-align: justify;\">\u00abEsta pol\u00edtica de precios acordados promueve la producci\u00f3n nacional de todos los medicamentos que nuestro pueblo demanda\u00bb, expres\u00f3 El Aissami.<\/p>\n<p style=\"text-align: justify;\">Se\u00f1al\u00f3 tambi\u00e9n que se ha establecido un nuevo esquema de financiamiento en divisas y en bol\u00edvares soberanos para los laboratorios del pa\u00eds.<\/p>\n<p style=\"text-align: justify;\">\u00abEl inter\u00e9s del Gobierno Bolivariano es retomar la\u00a0senda productiva\u00a0y que la capacidad instalada en este caso de los laboratorios pueda satisfacer el mercado nacional\u00bb, puntualiz\u00f3 el vicepresidente del \u00c1rea Econ\u00f3mica.<\/p>\n<p style=\"text-align: justify;\">En el encuentro participaron representantes de los laboratorios Elmor S.A, Calox Internacional, Bayer S.A. y Gen\u00e9ricos Venezolanos. Por el sector farmac\u00e9utico, estuvieron los representantes de Locatel, Farmatodo, Farmahorro y Farmarket. Adem\u00e1s, se estableci\u00f3 acuerdos con la C\u00e1mara Venezolana de Droguer\u00edas (Cavedro) y Farvenca.<\/p>\n<p style=\"text-align: justify;\">\u00abVenezuela cuenta con los laboratorios de mayor prestigio a nivel nacional. Tenemostalento humano y tecnolog\u00eda\u00a0para fabricar cualquier medicamento\u00bb, manifest\u00f3 el vicepresidente.<\/p>\n<p style=\"text-align: justify;\">Coment\u00f3 que el Gobierno nacional le va a brindar todo el apoyo al sector farmac\u00e9utico para aumentar la capacidad de producci\u00f3n, distribuci\u00f3n y comercializaci\u00f3n de medicamentos que son adquiridos por el pueblo venezolano.<\/p>\n<p style=\"text-align: justify;\">\u00abLe vamos a dar todo el apoyo a los laboratorios, droguer\u00edas y cadenas farmac\u00e9uticas\u00bb, apunt\u00f3 El Aissami.<\/p>\n<p style=\"text-align: justify;\">Igualmente, destac\u00f3 que la capacidad instalada del sector farmac\u00e9utico nacional tiene potencialidades no solamente para producir sino para exportar.<\/p>\n<p style=\"text-align: justify;\">Acot\u00f3 que en el marco de Programa de Crecimiento, y Prosperidad Econ\u00f3mica, se est\u00e1n desarrollando visitas a laboratorios nacionales para buscar f\u00f3rmulas que aumenten la capacidad de producci\u00f3n.<\/p>\n<p style=\"text-align: justify;\">Por \u00faltimo, resalt\u00f3 que desde el a\u00f1o 2003 no se lograba \u00abun gran est\u00edmulo para el aumentar la producci\u00f3n en el pa\u00eds de medicamentos y lograr que los venezolanos puedan adquirir los mismos sin ning\u00fan problema\u00bb.<\/p>\n<p style=\"text-align: justify;\">El vicepresidente del \u00c1rea Econ\u00f3mica estuvo acompa\u00f1ado por el ministro para la Salud, Carlos Alvarado, y el ministro para el Comercio Nacional, Williams Contreras.\u00a0<strong>Foto: Ricardo Herdenez, AVN<\/strong><\/p>\n","protected":false},"excerpt":{"rendered":"<p>Caracas, 10.10.18 (Cortes\u00eda AVN).-\u00a0El vicepresidente sectorial del \u00c1rea Econ\u00f3mica,\u00a0Tareck El Aissami, firm\u00f3 este mi\u00e9rcoles\u00a0acuerdos\u00a0con 15 laboratorios\u00a0de medicamentos,\u00a0ocho droguer\u00edas\u00a0y\u00a0cinco cadenas farmac\u00e9uticas\u00a0del pa\u00eds, para establecer\u00a0precios acordados\u00a0de las medicinas.<\/p>\n","protected":false},"author":3,"featured_media":8537,"comment_status":"closed","ping_status":"closed","sticky":false,"template":"","format":"standard","meta":[],"categories":[21,2],"tags":[69,51,38,198,60,66],"_links":{"self":[{"href":"https:\/\/www.espromedbio.gob.ve\/inicio\/wp-json\/wp\/v2\/posts\/8536"}],"collection":[{"href":"https:\/\/www.espromedbio.gob.ve\/inicio\/wp-json\/wp\/v2\/posts"}],"about":[{"href":"https:\/\/www.espromedbio.gob.ve\/inicio\/wp-json\/wp\/v2\/types\/post"}],"author":[{"embeddable":true,"href":"https:\/\/www.espromedbio.gob.ve\/inicio\/wp-json\/wp\/v2\/users\/3"}],"replies":[{"embeddable":true,"href":"https:\/\/www.espromedbio.gob.ve\/inicio\/wp-json\/wp\/v2\/comments?post=8536"}],"version-history":[{"count":2,"href":"https:\/\/www.espromedbio.gob.ve\/inicio\/wp-json\/wp\/v2\/posts\/8536\/revisions"}],"predecessor-version":[{"id":8540,"href":"https:\/\/www.espromedbio.gob.ve\/inicio\/wp-json\/wp\/v2\/posts\/8536\/revisions\/8540"}],"wp:featuredmedia":[{"embeddable":true,"href":"https:\/\/www.espromedbio.gob.ve\/inicio\/wp-json\/wp\/v2\/media\/8537"}],"wp:attachment":[{"href":"https:\/\/www.espromedbio.gob.ve\/inicio\/wp-json\/wp\/v2\/media?parent=8536"}],"wp:term":[{"taxonomy":"category","embeddable":true,"href":"https:\/\/www.espromedbio.gob.ve\/inicio\/wp-json\/wp\/v2\/categories?post=8536"},{"taxonomy":"post_tag","embeddable":true,"href":"https:\/\/www.espromedbio.gob.ve\/inicio\/wp-json\/wp\/v2\/tags?post=8536"}],"curies":[{"name":"wp","href":"https:\/\/api.w.org\/{rel}","templated":true}]}}