{"id":8684,"date":"2018-10-18T16:29:41","date_gmt":"2018-10-18T20:29:41","guid":{"rendered":"http:\/\/espromedbio.gob.ve\/?p=8684"},"modified":"2018-10-18T16:29:41","modified_gmt":"2018-10-18T20:29:41","slug":"estado-vargas-contara-con-centro-de-rehabilitacion-y-quimioterapia-infantil","status":"publish","type":"post","link":"https:\/\/www.espromedbio.gob.ve\/inicio\/estado-vargas-contara-con-centro-de-rehabilitacion-y-quimioterapia-infantil\/","title":{"rendered":"Estado Vargas contar\u00e1 con centro de rehabilitaci\u00f3n y quimioterapia infantil"},"content":{"rendered":"<p style=\"text-align: justify;\"><strong>Caracas, 18.10.18 (Cortes\u00eda VTV).-\u00a0<\/strong>\u00a0El gobernador del estado Vargas,\u00a0Jorge Luis Garc\u00eda Carneiro<strong>,\u00a0<\/strong>inform\u00f3 este jueves que pr\u00f3ximamente ser\u00e1 inaugurado en la entidad un Centro de Rehabilitaci\u00f3n y Quimioterapia Infantil, el cual brindar\u00e1 atenci\u00f3n gratuita a ni\u00f1os y ni\u00f1as con discapacidad y diagnosticados con c\u00e1ncer.<!--more--><\/p>\n<p style=\"text-align: justify;\">Durante una entrevista en el programa<em>\u00a0Al Aire<\/em>, que transmite Venezolana de Televisi\u00f3n, detall\u00f3 que \u201cel centro esta totalmente listo, estamos esperando la llegada de todos los equipos y materiales para su apertura\u201d.<\/p>\n<p style=\"text-align: justify;\">Igualmente destac\u00f3 los trabajos de infraestructura que se est\u00e1n realizando en la entidad, \u201cantes de diciembre vamos a inaugurar el mercado de Naiguat\u00e1, el terminal de pasajeros Naiguat\u00e1-Caruao, vamos a reinaugurar la sala de emergencia de adultos del hospital de Pariata, ya finalizamos la construcci\u00f3n de la Avenida Playa Grande y Playa Verde\u201d, y agreg\u00f3 que para noviembre de 2019 tendremos el primer partido de b\u00e9isbol profesional en el nuevo estadio que se construye en Macuto para el equipo de Los Tiburones de La Guaira.<\/p>\n<p style=\"text-align: justify;\">En el tema tur\u00edstico resalt\u00f3 la construcci\u00f3n y reestructuraci\u00f3n de los hoteles Sheraton y Meli\u00e1, \u201ca pesar de las dificultades, m\u00e1s de 400 personas est\u00e1n d\u00eda a d\u00eda trabajando, por lo que estimamos su apertura para el a\u00f1o 2020, as\u00ed como la puesta en funcionamiento del telef\u00e9rico de Macuto\u201d, puntualiz\u00f3.<\/p>\n<p style=\"text-align: justify;\">En cuanto al transporte p\u00fablico, anunci\u00f3 la llegada de unidades para el traslado de los usuarios a los diferentes puntos de la entidad.<\/p>\n<p>&nbsp;<\/p>\n","protected":false},"excerpt":{"rendered":"<p>Caracas, 18.10.18 (Cortes\u00eda VTV).-\u00a0\u00a0El gobernador del estado Vargas,\u00a0Jorge Luis Garc\u00eda Carneiro,\u00a0inform\u00f3 este jueves que pr\u00f3ximamente ser\u00e1 inaugurado en la entidad un Centro de Rehabilitaci\u00f3n y Quimioterapia Infantil, el cual brindar\u00e1 atenci\u00f3n gratuita a ni\u00f1os y ni\u00f1as con discapacidad y diagnosticados con c\u00e1ncer.<\/p>\n","protected":false},"author":3,"featured_media":8685,"comment_status":"closed","ping_status":"closed","sticky":false,"template":"","format":"standard","meta":[],"categories":[21,2],"tags":[66],"_links":{"self":[{"href":"https:\/\/www.espromedbio.gob.ve\/inicio\/wp-json\/wp\/v2\/posts\/8684"}],"collection":[{"href":"https:\/\/www.espromedbio.gob.ve\/inicio\/wp-json\/wp\/v2\/posts"}],"about":[{"href":"https:\/\/www.espromedbio.gob.ve\/inicio\/wp-json\/wp\/v2\/types\/post"}],"author":[{"embeddable":true,"href":"https:\/\/www.espromedbio.gob.ve\/inicio\/wp-json\/wp\/v2\/users\/3"}],"replies":[{"embeddable":true,"href":"https:\/\/www.espromedbio.gob.ve\/inicio\/wp-json\/wp\/v2\/comments?post=8684"}],"version-history":[{"count":1,"href":"https:\/\/www.espromedbio.gob.ve\/inicio\/wp-json\/wp\/v2\/posts\/8684\/revisions"}],"predecessor-version":[{"id":8686,"href":"https:\/\/www.espromedbio.gob.ve\/inicio\/wp-json\/wp\/v2\/posts\/8684\/revisions\/8686"}],"wp:featuredmedia":[{"embeddable":true,"href":"https:\/\/www.espromedbio.gob.ve\/inicio\/wp-json\/wp\/v2\/media\/8685"}],"wp:attachment":[{"href":"https:\/\/www.espromedbio.gob.ve\/inicio\/wp-json\/wp\/v2\/media?parent=8684"}],"wp:term":[{"taxonomy":"category","embeddable":true,"href":"https:\/\/www.espromedbio.gob.ve\/inicio\/wp-json\/wp\/v2\/categories?post=8684"},{"taxonomy":"post_tag","embeddable":true,"href":"https:\/\/www.espromedbio.gob.ve\/inicio\/wp-json\/wp\/v2\/tags?post=8684"}],"curies":[{"name":"wp","href":"https:\/\/api.w.org\/{rel}","templated":true}]}}