{"id":8858,"date":"2018-10-31T09:48:10","date_gmt":"2018-10-31T13:48:10","guid":{"rendered":"http:\/\/espromedbio.gob.ve\/?p=8858"},"modified":"2018-10-31T09:48:10","modified_gmt":"2018-10-31T13:48:10","slug":"plan-de-vacunacion-en-las-escuelas-contra-el-sarampion-alcanzo-75-de-cobertura","status":"publish","type":"post","link":"https:\/\/www.espromedbio.gob.ve\/inicio\/plan-de-vacunacion-en-las-escuelas-contra-el-sarampion-alcanzo-75-de-cobertura\/","title":{"rendered":"Plan de vacunaci\u00f3n en las escuelas contra el sarampi\u00f3n alcanz\u00f3 75% de cobertura"},"content":{"rendered":"<p style=\"text-align: justify;\" data-v-fb8b8a8a=\"\"><b data-v-fb8b8a8a=\"\">Caracas, 30.10.18 (Cortes\u00eda AVN).-\u00a0<\/b>El vicepresidente Sectorial para el Desarrollo del Socialismo Social y Territorial, Arist\u00f3bulo Ist\u00fariz, inform\u00f3 que el\u00a0programa de\u00a0vacunaci\u00f3n\u00a0contra el\u00a0sarampi\u00f3n\u00a0ha alcanzado un\u00a075% de cobertura\u00a0y contra la\u00a0difteria\u00a0un\u00a073%.<!--more--><\/p>\n<p>Con el inicio del a\u00f1o escolar 2018-2019, se reactiv\u00f3 en septiembre pasado el programa\u00a0La salud va a la escuela\u00a0en todos los planteles p\u00fablicos, con el prop\u00f3sito de llevar el\u00a0Plan Nacional de Inmunizaci\u00f3n.<\/p>\n<p>En los Centros de Diagn\u00f3stico Integral (CDI) de las 593 \u00c1reas de Salud Integral Comunitarias del pa\u00eds se instalaron centros de inmunizaciones. De all\u00ed salen los equipos b\u00e1sicos de salud a cada uno de los preescolares, escuelas y liceos para colocar las vacunas contra el sarampi\u00f3n para ni\u00f1os entre 6 meses y 15 a\u00f1os de edad, y contra la difteria para muchachos entre 7 y 15 a\u00f1os.<\/p>\n<p>Asimismo, se realizan en todos los planteles p\u00fablicos las jornadas para la eliminaci\u00f3n de criaderos de zancudos con el prop\u00f3sito de prevenir el dengue y evitar la transmisi\u00f3n de la malaria.<\/p>\n<p>El plan La salud va a la escuela ser\u00e1 permanente durante todo el calendario escolar, e incluir\u00e1 chequeo m\u00e9dico general, ex\u00e1menes oftalmol\u00f3gicos y medici\u00f3n de talla y peso.\u00a0<strong>Foto: Ricardo Herdenez, AVN<\/strong><\/p>\n","protected":false},"excerpt":{"rendered":"<p>Caracas, 30.10.18 (Cortes\u00eda AVN).-\u00a0El vicepresidente Sectorial para el Desarrollo del Socialismo Social y Territorial, Arist\u00f3bulo Ist\u00fariz, inform\u00f3 que el\u00a0programa de\u00a0vacunaci\u00f3n\u00a0contra el\u00a0sarampi\u00f3n\u00a0ha alcanzado un\u00a075% de cobertura\u00a0y contra la\u00a0difteria\u00a0un\u00a073%.<\/p>\n","protected":false},"author":3,"featured_media":8859,"comment_status":"closed","ping_status":"closed","sticky":false,"template":"","format":"standard","meta":[],"categories":[21,2],"tags":[83,60,30,66,71],"_links":{"self":[{"href":"https:\/\/www.espromedbio.gob.ve\/inicio\/wp-json\/wp\/v2\/posts\/8858"}],"collection":[{"href":"https:\/\/www.espromedbio.gob.ve\/inicio\/wp-json\/wp\/v2\/posts"}],"about":[{"href":"https:\/\/www.espromedbio.gob.ve\/inicio\/wp-json\/wp\/v2\/types\/post"}],"author":[{"embeddable":true,"href":"https:\/\/www.espromedbio.gob.ve\/inicio\/wp-json\/wp\/v2\/users\/3"}],"replies":[{"embeddable":true,"href":"https:\/\/www.espromedbio.gob.ve\/inicio\/wp-json\/wp\/v2\/comments?post=8858"}],"version-history":[{"count":1,"href":"https:\/\/www.espromedbio.gob.ve\/inicio\/wp-json\/wp\/v2\/posts\/8858\/revisions"}],"predecessor-version":[{"id":8860,"href":"https:\/\/www.espromedbio.gob.ve\/inicio\/wp-json\/wp\/v2\/posts\/8858\/revisions\/8860"}],"wp:featuredmedia":[{"embeddable":true,"href":"https:\/\/www.espromedbio.gob.ve\/inicio\/wp-json\/wp\/v2\/media\/8859"}],"wp:attachment":[{"href":"https:\/\/www.espromedbio.gob.ve\/inicio\/wp-json\/wp\/v2\/media?parent=8858"}],"wp:term":[{"taxonomy":"category","embeddable":true,"href":"https:\/\/www.espromedbio.gob.ve\/inicio\/wp-json\/wp\/v2\/categories?post=8858"},{"taxonomy":"post_tag","embeddable":true,"href":"https:\/\/www.espromedbio.gob.ve\/inicio\/wp-json\/wp\/v2\/tags?post=8858"}],"curies":[{"name":"wp","href":"https:\/\/api.w.org\/{rel}","templated":true}]}}