{"id":9384,"date":"2018-11-26T10:21:57","date_gmt":"2018-11-26T14:21:57","guid":{"rendered":"https:\/\/espromedbio.gob.ve\/?p=9384"},"modified":"2018-11-26T10:21:57","modified_gmt":"2018-11-26T14:21:57","slug":"instituto-de-medicina-ancestral-reivindica-los-saberes-de-nuestros-pueblos","status":"publish","type":"post","link":"https:\/\/www.espromedbio.gob.ve\/inicio\/instituto-de-medicina-ancestral-reivindica-los-saberes-de-nuestros-pueblos\/","title":{"rendered":"Instituto de Medicina Ancestral reivindica los saberes de nuestros pueblos"},"content":{"rendered":"<p style=\"text-align: justify;\"><strong>Caracas, 25.11.18 (Cortes\u00eda MINCI).-<\/strong>\u00a0Aloha N\u00fa\u00f1ez, ministra del Poder Popular para los Pueblos Ind\u00edgenas, afirm\u00f3 que la creaci\u00f3n del\u00a0Instituto de Medicina Ancestral\u00a0reivindica los saberes de los pueblos originarios,\u00a0durante la clausura del I Encuentro de Saberes Ancestrales, desde la Escuela Venezolana de Planificaci\u00f3n, en La Rinconada, Caracas, rese\u00f1\u00f3 nota de prensa del MPPE.<!--more--><\/p>\n<p style=\"text-align: justify;\">\u201cEl Instituto de Medicina Ancestral es parte del\u00a0reconocimiento\u00a0a nuestros ancestros, a nuestra espiritualidad, de lo que somos y de d\u00f3nde venimos\u201d, precis\u00f3.<\/p>\n<p style=\"text-align: justify;\">N\u00fa\u00f1ez asimismo explic\u00f3 que el Gobierno Bolivariano, \u201ctiene la voluntad de todos nosotros, empezando por el Presidente\u00a0Nicol\u00e1s Maduro, que\u00a0va a proteger el conocimiento de todos los pueblos ind\u00edgenas\u201d.<\/p>\n<p style=\"text-align: justify;\">La ministra indic\u00f3 que la creaci\u00f3n de esta instituci\u00f3n trae consigo \u201cla\u00a0corresponsabilidad\u00a0que debe existir entre todos nosotros como\u00a0instituci\u00f3n, como Gobierno, pero tambi\u00e9n entre todos los sabios para que podamos ir m\u00e1s all\u00e1\u201d, afirm\u00f3.<\/p>\n<p style=\"text-align: justify;\">El vicepresidente sectorial para el \u00c1rea Social y Territorial y ministro para la Educaci\u00f3n,\u00a0Arist\u00f3bulo Ist\u00fariz, puntualiz\u00f3 que adem\u00e1s del Instituto de Medicina Ancestral, el Gobierno Nacional tambi\u00e9n est\u00e1 trabajando en la\u00a0Universidad Ind\u00edgena.<\/p>\n<p style=\"text-align: justify;\">Se\u00f1al\u00f3 que ambas instituciones \u201cdeben ser parte de la\u00a0nueva institucionalidad revolucionaria\u201d, y a\u00f1adi\u00f3 que estas iniciativas reflejan el \u201cesfuerzo que hace el Presidente\u00a0Nicol\u00e1s Maduro\u00a0para seguir el legado del Comandante Ch\u00e1vez\u201d.<\/p>\n<p style=\"text-align: justify;\">En ese sentido, Ist\u00fariz apunt\u00f3 que \u201choy nosotros\u00a0necesitamos m\u00e1s la Independencia, hoy necesitamos acentuar m\u00e1s el proceso de descolonizaci\u00f3n; hoy necesitamos nosotros mayor soberan\u00eda\u201d.<\/p>\n<h4 style=\"text-align: justify;\"><strong>Reconocer nuestros saberes ancestrales<\/strong><\/h4>\n<p style=\"text-align: justify;\">Las mesas de trabajo de este I Encuentro Nacional de Saberes Ancestrales estuvieron compuestas por\u00a0sabios de la medicina ancestral\u00a0de los\u00a0pueblos ind\u00edgenas wayuu, bar\u00ed, warao, pem\u00f3n, yekuana, chaima y kari\u00f1a, quienes decidieron otorgar un reconocimiento especial a las sabios practicantes de la Medicina ancestral, por parte del Ministerio del Poder Popular para la Salud.<\/p>\n<p style=\"text-align: justify;\">Asimismo, expusieron la necesidad de crear un\u00a0libro herbolario\u00a0que contenga todas las plantas medicinales tradicionales utilizadas por los pueblos ind\u00edgenas.<\/p>\n<p style=\"text-align: justify;\">Resalt\u00f3 la propuesta de creaci\u00f3n de un Instituto de Medicina Ancestral, que permitir\u00e1 la formaci\u00f3n profesional de los sabios ind\u00edgenas en los diferentes temas de salud, a fin de impulsar la integraci\u00f3n entre los m\u00e9dicos egresados de las universidades convencionales y las tradiciones medicinales cham\u00e1nicas de los pueblos originarios.<\/p>\n<p style=\"text-align: justify;\">En referencia a esta propuesta, Ist\u00fariz destac\u00f3 que la creaci\u00f3n de este instituto debe estar articulada con la Universidad Ind\u00edgena y tener un car\u00e1cter formativo ancestral, y enfatiz\u00f3 la importancia de que tenga un car\u00e1cter popular, as\u00ed como habilitar un n\u00facleo de formaci\u00f3n en cada comunidad ind\u00edgena.<\/p>\n<p style=\"text-align: justify;\">Por otro lado, Ist\u00fariz destac\u00f3 que frente al capitalismo que pretende borrar la historia de los pueblos del mundo y colonizar a trav\u00e9s de un condicionamiento cultural y el desarrollo tecnol\u00f3gico, se debe imponer el derecho que tienen las personas de tener una identidad cultural con sus ra\u00edces, para defenderlas y demostrarlas ante el mundo. <strong>Prensa Digital MippCI\/ MPPEducaci\u00f3n\u00a0<\/strong><\/p>\n","protected":false},"excerpt":{"rendered":"<p>Caracas, 25.11.18 (Cortes\u00eda MINCI).-\u00a0Aloha N\u00fa\u00f1ez, ministra del Poder Popular para los Pueblos Ind\u00edgenas, afirm\u00f3 que la creaci\u00f3n del\u00a0Instituto de Medicina Ancestral\u00a0reivindica los saberes de los pueblos originarios,\u00a0durante la clausura del I Encuentro de Saberes Ancestrales, desde la Escuela Venezolana de Planificaci\u00f3n, en La Rinconada, Caracas, rese\u00f1\u00f3 nota de prensa del MPPE.<\/p>\n","protected":false},"author":3,"featured_media":9385,"comment_status":"closed","ping_status":"closed","sticky":false,"template":"","format":"standard","meta":[],"categories":[21,2],"tags":[106,60,273,66],"_links":{"self":[{"href":"https:\/\/www.espromedbio.gob.ve\/inicio\/wp-json\/wp\/v2\/posts\/9384"}],"collection":[{"href":"https:\/\/www.espromedbio.gob.ve\/inicio\/wp-json\/wp\/v2\/posts"}],"about":[{"href":"https:\/\/www.espromedbio.gob.ve\/inicio\/wp-json\/wp\/v2\/types\/post"}],"author":[{"embeddable":true,"href":"https:\/\/www.espromedbio.gob.ve\/inicio\/wp-json\/wp\/v2\/users\/3"}],"replies":[{"embeddable":true,"href":"https:\/\/www.espromedbio.gob.ve\/inicio\/wp-json\/wp\/v2\/comments?post=9384"}],"version-history":[{"count":1,"href":"https:\/\/www.espromedbio.gob.ve\/inicio\/wp-json\/wp\/v2\/posts\/9384\/revisions"}],"predecessor-version":[{"id":9386,"href":"https:\/\/www.espromedbio.gob.ve\/inicio\/wp-json\/wp\/v2\/posts\/9384\/revisions\/9386"}],"wp:featuredmedia":[{"embeddable":true,"href":"https:\/\/www.espromedbio.gob.ve\/inicio\/wp-json\/wp\/v2\/media\/9385"}],"wp:attachment":[{"href":"https:\/\/www.espromedbio.gob.ve\/inicio\/wp-json\/wp\/v2\/media?parent=9384"}],"wp:term":[{"taxonomy":"category","embeddable":true,"href":"https:\/\/www.espromedbio.gob.ve\/inicio\/wp-json\/wp\/v2\/categories?post=9384"},{"taxonomy":"post_tag","embeddable":true,"href":"https:\/\/www.espromedbio.gob.ve\/inicio\/wp-json\/wp\/v2\/tags?post=9384"}],"curies":[{"name":"wp","href":"https:\/\/api.w.org\/{rel}","templated":true}]}}